{"id":14627,"date":"2026-09-02T10:43:45","date_gmt":"2026-09-02T08:43:45","guid":{"rendered":"https:\/\/kulturneleto.eu\/?p=14627"},"modified":"2026-09-02T10:47:13","modified_gmt":"2026-09-02T08:47:13","slug":"festival-seniorov-2026-spev-a-tanec-ako-najlepsi-elixir-zivota","status":"publish","type":"post","link":"https:\/\/kulturneleto.eu\/en\/2026\/festival-seniorov-2026-spev-a-tanec-ako-najlepsi-elixir-zivota\/","title":{"rendered":"Festival seniorov 2026: spev a tanec ako najlep\u0161\u00ed elix\u00edr \u017eivota"},"content":{"rendered":"<p class=\"wp-block-paragraph\">Mari\u00e1nske n\u00e1mestie sa 10. septembra 2026 op\u00e4\u0165 zapln\u00ed hudbou, tancom a dobrou n\u00e1ladou. Mestsk\u00e1 kult\u00fara \u017dilina v spolupr\u00e1ci so Seniorklubom Priatelia poz\u00fdvaj\u00fa na u\u017e 17. ro\u010dn\u00edk Festivalu seniorov \u2014 celodenn\u00e9 podujatie, ktor\u00e9 si za roky svojho fungovania na\u0161lo pevn\u00e9 miesto v kalend\u00e1ri \u017eilinsk\u00e9ho kult\u00farneho \u017eivota.<\/p>\n\n\n\n<h2 class=\"wp-block-heading\">\u0160es\u0165 hod\u00edn programu bez prest\u00e1vky<\/h2>\n\n\n\n<p class=\"wp-block-paragraph\">Festival sa za\u010d\u00edna o 12:00 a program be\u017e\u00ed nepretr\u017eite a\u017e do 18:00. Otv\u00e1ra ho&nbsp;<strong>Helig\u00f3nkov\u00fd s\u00fabor Zvonilka<\/strong>, po ktorom nasleduje dom\u00e1ci&nbsp;<strong>Spev\u00e1cky s\u00fabor \u201ePriatelia\u201c<\/strong>&nbsp;\u2014 a o 12:40 pr\u00edde na rad sl\u00e1vnostn\u00e9 otvorenie festivalu.<\/p>\n\n\n\n<p class=\"wp-block-paragraph\">Popoludnie potom patr\u00ed pestrej prehliadke folkl\u00f3rnych, spev\u00e1ckych a tane\u010dn\u00fdch telies:<\/p>\n\n\n\n<ul class=\"wp-block-list\">\n<li><strong>Spev\u00e1cky s\u00fabor Lu\u010danka<\/strong>\u00a0(13:00)<\/li>\n\n\n\n<li><strong>FS Fazuliari<\/strong>\u00a0(13:15)<\/li>\n\n\n\n<li><strong>FS Teplanka<\/strong>\u00a0(13:30)<\/li>\n\n\n\n<li><strong>\u017dilinsk\u00e9 babenky<\/strong>\u00a0(13:45)<\/li>\n\n\n\n<li><strong>Country Dube\u0148<\/strong>\u00a0(14:00)<\/li>\n\n\n\n<li><strong>Rab\u010dansk\u00e1 muzika<\/strong>\u00a0(14:15)<\/li>\n\n\n\n<li><strong>\u00dasmev Trnava<\/strong>\u00a0(14:30 a 15:10)<\/li>\n\n\n\n<li><strong>FS Kolovr\u00e1tok<\/strong>\u00a0(14:40)<\/li>\n\n\n\n<li><strong>Mu\u017esk\u00fd spevokol \u201eRozmar\u00edn\u201c<\/strong>\u00a0(15:20)<\/li>\n\n\n\n<li><strong>\u017dilinsk\u00e9 ma\u017eoretky<\/strong>\u00a0(15:35)<\/li>\n<\/ul>\n\n\n\n<h2 class=\"wp-block-heading\">\u0160peci\u00e1lny hos\u0165: SENZUS<\/h2>\n\n\n\n<p class=\"wp-block-paragraph\">Vrcholom festivalu bude hodinov\u00e9 vyst\u00fapenie skupiny&nbsp;<strong>SENZUS<\/strong>&nbsp;od 16:00 \u2014 jednej z najzn\u00e1mej\u0161\u00edch slovensk\u00fdch kapiel, ktor\u00e1 u\u017e desa\u0165ro\u010dia rozd\u00e1va rados\u0165 na podujatiach po celom Slovensku.<\/p>\n\n\n\n<p class=\"wp-block-paragraph\">Bodku za festivalom urob\u00ed od 17:00&nbsp;<strong>DH Ho\u013eaz\u0148anka<\/strong>, ktorej dychovka udr\u017e\u00ed tane\u010dn\u00fa n\u00e1ladu a\u017e do z\u00e1veru.<\/p>\n\n\n\n<h2 class=\"wp-block-heading\">Pre\u010do pr\u00eds\u0165<\/h2>\n\n\n\n<p class=\"wp-block-paragraph\">Festival seniorov nie je len prehliadkou s\u00faborov. Je to podujatie, ktor\u00e9 d\u00e1va priestor gener\u00e1cii, ktor\u00e1 kult\u00faru v na\u0161om meste dlh\u00e9 roky spoluvytv\u00e1rala \u2014 a st\u00e1le ju tvor\u00ed.<\/p>\n\n\n\n<p class=\"wp-block-paragraph\">A pr\u00e1ve preto je podtitul tohtoro\u010dn\u00e9ho festivalu tak\u00fd v\u00fdsti\u017en\u00fd:&nbsp;<strong>spev a tanec \u2014 najlep\u0161\u00ed elix\u00edr \u017eivota.<\/strong><\/p>\n\n\n\n<h2 class=\"wp-block-heading\">Praktick\u00e9 inform\u00e1cie<\/h2>\n\n\n\n<p class=\"wp-block-paragraph\"><strong>Kedy:<\/strong>&nbsp;10. september 2026, od 12:00&nbsp;<strong>Kde:<\/strong>&nbsp;Mari\u00e1nske n\u00e1mestie, \u017dilina&nbsp;<strong>Vstup:<\/strong>&nbsp;vo\u013en\u00fd<\/p>\n\n\n\n<p class=\"wp-block-paragraph\">Podujatie sa kon\u00e1 v r\u00e1mci \u017dilinsk\u00e9ho kult\u00farneho leta. Zmena programu vyhraden\u00e1.<\/p>\n\n\n\n<hr class=\"wp-block-separator has-alpha-channel-opacity\"\/>\n\n\n\n<p class=\"wp-block-paragraph\"><strong><a href=\"https:\/\/www.facebook.com\/kulturazilina\" target=\"_blank\" rel=\"noopener\"><\/a><\/strong><\/p>","protected":false},"excerpt":{"rendered":"<p>Mari\u00e1nske n\u00e1mestie sa 10. septembra 2026 op\u00e4\u0165 zapln\u00ed hudbou, tancom a dobrou n\u00e1ladou. Mestsk\u00e1 kult\u00fara \u017dilina v spolupr\u00e1ci so Seniorklubom Priatelia poz\u00fdvaj\u00fa na u\u017e 17. ro\u010dn\u00edk Festivalu seniorov \u2014 celodenn\u00e9 podujatie, ktor\u00e9 si za roky svojho fungovania na\u0161lo pevn\u00e9 miesto v kalend\u00e1ri \u017eilinsk\u00e9ho kult\u00farneho \u017eivota. \u0160es\u0165 hod\u00edn programu bez prest\u00e1vky Festival sa za\u010d\u00edna o 12:00 [&hellip;]<\/p>\n","protected":false},"author":5,"featured_media":14580,"comment_status":"closed","ping_status":"closed","sticky":false,"template":"","format":"standard","meta":{"footnotes":""},"categories":[1],"tags":[],"class_list":["post-14627","post","type-post","status-publish","format-standard","has-post-thumbnail","hentry","category-novinky"],"yoast_head":"<!-- This site is optimized with the Yoast SEO plugin v28.4 - https:\/\/yoast.com\/product\/yoast-seo-wordpress\/ -->\n<title>Festival seniorov 2026: spev a tanec ako najlep\u0161\u00ed elix\u00edr \u017eivota - \u017dilinsk\u00e9 kult\u00farne leto 2026<\/title>\n<meta name=\"robots\" content=\"index, follow, max-snippet:-1, max-image-preview:large, max-video-preview:-1\" \/>\n<link rel=\"canonical\" href=\"https:\/\/kulturneleto.eu\/en\/2026\/festival-seniorov-2026-spev-a-tanec-ako-najlepsi-elixir-zivota\/\" \/>\n<meta property=\"og:locale\" content=\"en_GB\" \/>\n<meta property=\"og:type\" content=\"article\" \/>\n<meta property=\"og:title\" content=\"Festival seniorov 2026: spev a tanec ako najlep\u0161\u00ed elix\u00edr \u017eivota - \u017dilinsk\u00e9 kult\u00farne leto 2026\" \/>\n<meta property=\"og:description\" content=\"Mari\u00e1nske n\u00e1mestie sa 10. septembra 2026 op\u00e4\u0165 zapln\u00ed hudbou, tancom a dobrou n\u00e1ladou. Mestsk\u00e1 kult\u00fara \u017dilina v spolupr\u00e1ci so Seniorklubom Priatelia poz\u00fdvaj\u00fa na u\u017e 17. ro\u010dn\u00edk Festivalu seniorov \u2014 celodenn\u00e9 podujatie, ktor\u00e9 si za roky svojho fungovania na\u0161lo pevn\u00e9 miesto v kalend\u00e1ri \u017eilinsk\u00e9ho kult\u00farneho \u017eivota. \u0160es\u0165 hod\u00edn programu bez prest\u00e1vky Festival sa za\u010d\u00edna o 12:00 [&hellip;]\" \/>\n<meta property=\"og:url\" content=\"https:\/\/kulturneleto.eu\/en\/2026\/festival-seniorov-2026-spev-a-tanec-ako-najlepsi-elixir-zivota\/\" \/>\n<meta property=\"og:site_name\" content=\"\u017dilinsk\u00e9 kult\u00farne leto 2026\" \/>\n<meta property=\"article:publisher\" content=\"https:\/\/www.facebook.com\/Mesto-ilina-162541880519007\" \/>\n<meta property=\"article:published_time\" content=\"2026-09-02T08:43:45+00:00\" \/>\n<meta property=\"article:modified_time\" content=\"2026-09-02T08:47:13+00:00\" \/>\n<meta property=\"og:image\" content=\"https:\/\/kulturneleto.eu\/wp-content\/uploads\/2026\/07\/777801201_122136490539216084_5174847617185819056_n.jpg\" \/>\n\t<meta property=\"og:image:width\" content=\"2048\" \/>\n\t<meta property=\"og:image:height\" content=\"1401\" \/>\n\t<meta property=\"og:image:type\" content=\"image\/jpeg\" \/>\n<meta name=\"author\" content=\"matus\" \/>\n<meta name=\"twitter:card\" content=\"summary_large_image\" \/>\n<meta name=\"twitter:label1\" content=\"Written by\" \/>\n\t<meta name=\"twitter:data1\" content=\"matus\" \/>\n\t<meta name=\"twitter:label2\" content=\"Estimated reading time\" \/>\n\t<meta name=\"twitter:data2\" content=\"2 minutes\" \/>\n<script type=\"application\/ld+json\" class=\"yoast-schema-graph\">{\"@context\":\"https:\\\/\\\/schema.org\",\"@graph\":[{\"@type\":\"Article\",\"@id\":\"https:\\\/\\\/kulturneleto.eu\\\/2026\\\/festival-seniorov-2026-spev-a-tanec-ako-najlepsi-elixir-zivota\\\/#article\",\"isPartOf\":{\"@id\":\"https:\\\/\\\/kulturneleto.eu\\\/2026\\\/festival-seniorov-2026-spev-a-tanec-ako-najlepsi-elixir-zivota\\\/\"},\"author\":{\"name\":\"matus\",\"@id\":\"https:\\\/\\\/kulturneleto.eu\\\/#\\\/schema\\\/person\\\/08251513abeceb529336f9c3b9a5c7ab\"},\"headline\":\"Festival seniorov 2026: spev a tanec ako najlep\u0161\u00ed elix\u00edr \u017eivota\",\"datePublished\":\"2026-09-02T08:43:45+00:00\",\"dateModified\":\"2026-09-02T08:47:13+00:00\",\"mainEntityOfPage\":{\"@id\":\"https:\\\/\\\/kulturneleto.eu\\\/2026\\\/festival-seniorov-2026-spev-a-tanec-ako-najlepsi-elixir-zivota\\\/\"},\"wordCount\":308,\"publisher\":{\"@id\":\"https:\\\/\\\/kulturneleto.eu\\\/#organization\"},\"image\":{\"@id\":\"https:\\\/\\\/kulturneleto.eu\\\/2026\\\/festival-seniorov-2026-spev-a-tanec-ako-najlepsi-elixir-zivota\\\/#primaryimage\"},\"thumbnailUrl\":\"https:\\\/\\\/kulturneleto.eu\\\/wp-content\\\/uploads\\\/2026\\\/07\\\/777801201_122136490539216084_5174847617185819056_n.jpg\",\"articleSection\":[\"Novinky\"],\"inLanguage\":\"en-GB\"},{\"@type\":\"WebPage\",\"@id\":\"https:\\\/\\\/kulturneleto.eu\\\/2026\\\/festival-seniorov-2026-spev-a-tanec-ako-najlepsi-elixir-zivota\\\/\",\"url\":\"https:\\\/\\\/kulturneleto.eu\\\/2026\\\/festival-seniorov-2026-spev-a-tanec-ako-najlepsi-elixir-zivota\\\/\",\"name\":\"Festival seniorov 2026: spev a tanec ako najlep\u0161\u00ed elix\u00edr \u017eivota - \u017dilinsk\u00e9 kult\u00farne leto 2026\",\"isPartOf\":{\"@id\":\"https:\\\/\\\/kulturneleto.eu\\\/#website\"},\"primaryImageOfPage\":{\"@id\":\"https:\\\/\\\/kulturneleto.eu\\\/2026\\\/festival-seniorov-2026-spev-a-tanec-ako-najlepsi-elixir-zivota\\\/#primaryimage\"},\"image\":{\"@id\":\"https:\\\/\\\/kulturneleto.eu\\\/2026\\\/festival-seniorov-2026-spev-a-tanec-ako-najlepsi-elixir-zivota\\\/#primaryimage\"},\"thumbnailUrl\":\"https:\\\/\\\/kulturneleto.eu\\\/wp-content\\\/uploads\\\/2026\\\/07\\\/777801201_122136490539216084_5174847617185819056_n.jpg\",\"datePublished\":\"2026-09-02T08:43:45+00:00\",\"dateModified\":\"2026-09-02T08:47:13+00:00\",\"breadcrumb\":{\"@id\":\"https:\\\/\\\/kulturneleto.eu\\\/2026\\\/festival-seniorov-2026-spev-a-tanec-ako-najlepsi-elixir-zivota\\\/#breadcrumb\"},\"inLanguage\":\"en-GB\",\"potentialAction\":[{\"@type\":\"ReadAction\",\"target\":[\"https:\\\/\\\/kulturneleto.eu\\\/2026\\\/festival-seniorov-2026-spev-a-tanec-ako-najlepsi-elixir-zivota\\\/\"]}]},{\"@type\":\"ImageObject\",\"inLanguage\":\"en-GB\",\"@id\":\"https:\\\/\\\/kulturneleto.eu\\\/2026\\\/festival-seniorov-2026-spev-a-tanec-ako-najlepsi-elixir-zivota\\\/#primaryimage\",\"url\":\"https:\\\/\\\/kulturneleto.eu\\\/wp-content\\\/uploads\\\/2026\\\/07\\\/777801201_122136490539216084_5174847617185819056_n.jpg\",\"contentUrl\":\"https:\\\/\\\/kulturneleto.eu\\\/wp-content\\\/uploads\\\/2026\\\/07\\\/777801201_122136490539216084_5174847617185819056_n.jpg\",\"width\":2048,\"height\":1401},{\"@type\":\"BreadcrumbList\",\"@id\":\"https:\\\/\\\/kulturneleto.eu\\\/2026\\\/festival-seniorov-2026-spev-a-tanec-ako-najlepsi-elixir-zivota\\\/#breadcrumb\",\"itemListElement\":[{\"@type\":\"ListItem\",\"position\":1,\"name\":\"Domovsk\u00e1 str\u00e1nka\",\"item\":\"https:\\\/\\\/kulturneleto.eu\\\/\"},{\"@type\":\"ListItem\",\"position\":2,\"name\":\"Festival seniorov 2026: spev a tanec ako najlep\u0161\u00ed elix\u00edr \u017eivota\"}]},{\"@type\":\"WebSite\",\"@id\":\"https:\\\/\\\/kulturneleto.eu\\\/#website\",\"url\":\"https:\\\/\\\/kulturneleto.eu\\\/\",\"name\":\"\u017dilinsk\u00e9 kult\u00farne leto 2026\",\"description\":\"j\u00fal, august, september\",\"publisher\":{\"@id\":\"https:\\\/\\\/kulturneleto.eu\\\/#organization\"},\"potentialAction\":[{\"@type\":\"SearchAction\",\"target\":{\"@type\":\"EntryPoint\",\"urlTemplate\":\"https:\\\/\\\/kulturneleto.eu\\\/?s={search_term_string}\"},\"query-input\":{\"@type\":\"PropertyValueSpecification\",\"valueRequired\":true,\"valueName\":\"search_term_string\"}}],\"inLanguage\":\"en-GB\"},{\"@type\":\"Organization\",\"@id\":\"https:\\\/\\\/kulturneleto.eu\\\/#organization\",\"name\":\"Kult\u00farne leto\",\"url\":\"https:\\\/\\\/kulturneleto.eu\\\/\",\"logo\":{\"@type\":\"ImageObject\",\"inLanguage\":\"en-GB\",\"@id\":\"https:\\\/\\\/kulturneleto.eu\\\/#\\\/schema\\\/logo\\\/image\\\/\",\"url\":\"https:\\\/\\\/kulturneleto.eu\\\/wp-content\\\/uploads\\\/2022\\\/06\\\/logo_zkl_2022_orange.png\",\"contentUrl\":\"https:\\\/\\\/kulturneleto.eu\\\/wp-content\\\/uploads\\\/2022\\\/06\\\/logo_zkl_2022_orange.png\",\"width\":330,\"height\":117,\"caption\":\"Kult\u00farne leto\"},\"image\":{\"@id\":\"https:\\\/\\\/kulturneleto.eu\\\/#\\\/schema\\\/logo\\\/image\\\/\"},\"sameAs\":[\"https:\\\/\\\/www.facebook.com\\\/Mesto-ilina-162541880519007\",\"https:\\\/\\\/www.youtube.com\\\/channel\\\/UCfY6Cc8yEeMgTWAUW5QaGAw\",\"https:\\\/\\\/www.instagram.com\\\/mestozilina\\\/?hl=sk\"]},{\"@type\":\"Person\",\"@id\":\"https:\\\/\\\/kulturneleto.eu\\\/#\\\/schema\\\/person\\\/08251513abeceb529336f9c3b9a5c7ab\",\"name\":\"matus\",\"image\":{\"@type\":\"ImageObject\",\"inLanguage\":\"en-GB\",\"@id\":\"https:\\\/\\\/kulturneleto.eu\\\/wp-content\\\/litespeed\\\/avatar\\\/3a2cd69f439d2811c5ef569ca1dd384c.jpg?ver=1788388919\",\"url\":\"https:\\\/\\\/kulturneleto.eu\\\/wp-content\\\/litespeed\\\/avatar\\\/3a2cd69f439d2811c5ef569ca1dd384c.jpg?ver=1788388919\",\"contentUrl\":\"https:\\\/\\\/kulturneleto.eu\\\/wp-content\\\/litespeed\\\/avatar\\\/3a2cd69f439d2811c5ef569ca1dd384c.jpg?ver=1788388919\",\"caption\":\"matus\"}}]}<\/script>\n<!-- \/ Yoast SEO plugin. -->","yoast_head_json":{"title":"Festival seniorov 2026: spev a tanec ako najlep\u0161\u00ed elix\u00edr \u017eivota - \u017dilinsk\u00e9 kult\u00farne leto 2026","robots":{"index":"index","follow":"follow","max-snippet":"max-snippet:-1","max-image-preview":"max-image-preview:large","max-video-preview":"max-video-preview:-1"},"canonical":"https:\/\/kulturneleto.eu\/en\/2026\/festival-seniorov-2026-spev-a-tanec-ako-najlepsi-elixir-zivota\/","og_locale":"en_GB","og_type":"article","og_title":"Festival seniorov 2026: spev a tanec ako najlep\u0161\u00ed elix\u00edr \u017eivota - \u017dilinsk\u00e9 kult\u00farne leto 2026","og_description":"Mari\u00e1nske n\u00e1mestie sa 10. septembra 2026 op\u00e4\u0165 zapln\u00ed hudbou, tancom a dobrou n\u00e1ladou. Mestsk\u00e1 kult\u00fara \u017dilina v spolupr\u00e1ci so Seniorklubom Priatelia poz\u00fdvaj\u00fa na u\u017e 17. ro\u010dn\u00edk Festivalu seniorov \u2014 celodenn\u00e9 podujatie, ktor\u00e9 si za roky svojho fungovania na\u0161lo pevn\u00e9 miesto v kalend\u00e1ri \u017eilinsk\u00e9ho kult\u00farneho \u017eivota. \u0160es\u0165 hod\u00edn programu bez prest\u00e1vky Festival sa za\u010d\u00edna o 12:00 [&hellip;]","og_url":"https:\/\/kulturneleto.eu\/en\/2026\/festival-seniorov-2026-spev-a-tanec-ako-najlepsi-elixir-zivota\/","og_site_name":"\u017dilinsk\u00e9 kult\u00farne leto 2026","article_publisher":"https:\/\/www.facebook.com\/Mesto-ilina-162541880519007","article_published_time":"2026-09-02T08:43:45+00:00","article_modified_time":"2026-09-02T08:47:13+00:00","og_image":[{"width":2048,"height":1401,"url":"https:\/\/kulturneleto.eu\/wp-content\/uploads\/2026\/07\/777801201_122136490539216084_5174847617185819056_n.jpg","type":"image\/jpeg"}],"author":"matus","twitter_card":"summary_large_image","twitter_misc":{"Written by":"matus","Estimated reading time":"2 minutes"},"schema":{"@context":"https:\/\/schema.org","@graph":[{"@type":"Article","@id":"https:\/\/kulturneleto.eu\/2026\/festival-seniorov-2026-spev-a-tanec-ako-najlepsi-elixir-zivota\/#article","isPartOf":{"@id":"https:\/\/kulturneleto.eu\/2026\/festival-seniorov-2026-spev-a-tanec-ako-najlepsi-elixir-zivota\/"},"author":{"name":"matus","@id":"https:\/\/kulturneleto.eu\/#\/schema\/person\/08251513abeceb529336f9c3b9a5c7ab"},"headline":"Festival seniorov 2026: spev a tanec ako najlep\u0161\u00ed elix\u00edr \u017eivota","datePublished":"2026-09-02T08:43:45+00:00","dateModified":"2026-09-02T08:47:13+00:00","mainEntityOfPage":{"@id":"https:\/\/kulturneleto.eu\/2026\/festival-seniorov-2026-spev-a-tanec-ako-najlepsi-elixir-zivota\/"},"wordCount":308,"publisher":{"@id":"https:\/\/kulturneleto.eu\/#organization"},"image":{"@id":"https:\/\/kulturneleto.eu\/2026\/festival-seniorov-2026-spev-a-tanec-ako-najlepsi-elixir-zivota\/#primaryimage"},"thumbnailUrl":"https:\/\/kulturneleto.eu\/wp-content\/uploads\/2026\/07\/777801201_122136490539216084_5174847617185819056_n.jpg","articleSection":["Novinky"],"inLanguage":"en-GB"},{"@type":"WebPage","@id":"https:\/\/kulturneleto.eu\/2026\/festival-seniorov-2026-spev-a-tanec-ako-najlepsi-elixir-zivota\/","url":"https:\/\/kulturneleto.eu\/2026\/festival-seniorov-2026-spev-a-tanec-ako-najlepsi-elixir-zivota\/","name":"Festival seniorov 2026: spev a tanec ako najlep\u0161\u00ed elix\u00edr \u017eivota - \u017dilinsk\u00e9 kult\u00farne leto 2026","isPartOf":{"@id":"https:\/\/kulturneleto.eu\/#website"},"primaryImageOfPage":{"@id":"https:\/\/kulturneleto.eu\/2026\/festival-seniorov-2026-spev-a-tanec-ako-najlepsi-elixir-zivota\/#primaryimage"},"image":{"@id":"https:\/\/kulturneleto.eu\/2026\/festival-seniorov-2026-spev-a-tanec-ako-najlepsi-elixir-zivota\/#primaryimage"},"thumbnailUrl":"https:\/\/kulturneleto.eu\/wp-content\/uploads\/2026\/07\/777801201_122136490539216084_5174847617185819056_n.jpg","datePublished":"2026-09-02T08:43:45+00:00","dateModified":"2026-09-02T08:47:13+00:00","breadcrumb":{"@id":"https:\/\/kulturneleto.eu\/2026\/festival-seniorov-2026-spev-a-tanec-ako-najlepsi-elixir-zivota\/#breadcrumb"},"inLanguage":"en-GB","potentialAction":[{"@type":"ReadAction","target":["https:\/\/kulturneleto.eu\/2026\/festival-seniorov-2026-spev-a-tanec-ako-najlepsi-elixir-zivota\/"]}]},{"@type":"ImageObject","inLanguage":"en-GB","@id":"https:\/\/kulturneleto.eu\/2026\/festival-seniorov-2026-spev-a-tanec-ako-najlepsi-elixir-zivota\/#primaryimage","url":"https:\/\/kulturneleto.eu\/wp-content\/uploads\/2026\/07\/777801201_122136490539216084_5174847617185819056_n.jpg","contentUrl":"https:\/\/kulturneleto.eu\/wp-content\/uploads\/2026\/07\/777801201_122136490539216084_5174847617185819056_n.jpg","width":2048,"height":1401},{"@type":"BreadcrumbList","@id":"https:\/\/kulturneleto.eu\/2026\/festival-seniorov-2026-spev-a-tanec-ako-najlepsi-elixir-zivota\/#breadcrumb","itemListElement":[{"@type":"ListItem","position":1,"name":"Domovsk\u00e1 str\u00e1nka","item":"https:\/\/kulturneleto.eu\/"},{"@type":"ListItem","position":2,"name":"Festival seniorov 2026: spev a tanec ako najlep\u0161\u00ed elix\u00edr \u017eivota"}]},{"@type":"WebSite","@id":"https:\/\/kulturneleto.eu\/#website","url":"https:\/\/kulturneleto.eu\/","name":"\u017dilinsk\u00e9 kult\u00farne leto 2026","description":"j\u00fal, august, september","publisher":{"@id":"https:\/\/kulturneleto.eu\/#organization"},"potentialAction":[{"@type":"SearchAction","target":{"@type":"EntryPoint","urlTemplate":"https:\/\/kulturneleto.eu\/?s={search_term_string}"},"query-input":{"@type":"PropertyValueSpecification","valueRequired":true,"valueName":"search_term_string"}}],"inLanguage":"en-GB"},{"@type":"Organization","@id":"https:\/\/kulturneleto.eu\/#organization","name":"Kult\u00farne leto","url":"https:\/\/kulturneleto.eu\/","logo":{"@type":"ImageObject","inLanguage":"en-GB","@id":"https:\/\/kulturneleto.eu\/#\/schema\/logo\/image\/","url":"https:\/\/kulturneleto.eu\/wp-content\/uploads\/2022\/06\/logo_zkl_2022_orange.png","contentUrl":"https:\/\/kulturneleto.eu\/wp-content\/uploads\/2022\/06\/logo_zkl_2022_orange.png","width":330,"height":117,"caption":"Kult\u00farne leto"},"image":{"@id":"https:\/\/kulturneleto.eu\/#\/schema\/logo\/image\/"},"sameAs":["https:\/\/www.facebook.com\/Mesto-ilina-162541880519007","https:\/\/www.youtube.com\/channel\/UCfY6Cc8yEeMgTWAUW5QaGAw","https:\/\/www.instagram.com\/mestozilina\/?hl=sk"]},{"@type":"Person","@id":"https:\/\/kulturneleto.eu\/#\/schema\/person\/08251513abeceb529336f9c3b9a5c7ab","name":"matus","image":{"@type":"ImageObject","inLanguage":"en-GB","@id":"https:\/\/kulturneleto.eu\/wp-content\/litespeed\/avatar\/3a2cd69f439d2811c5ef569ca1dd384c.jpg?ver=1788388919","url":"https:\/\/kulturneleto.eu\/wp-content\/litespeed\/avatar\/3a2cd69f439d2811c5ef569ca1dd384c.jpg?ver=1788388919","contentUrl":"https:\/\/kulturneleto.eu\/wp-content\/litespeed\/avatar\/3a2cd69f439d2811c5ef569ca1dd384c.jpg?ver=1788388919","caption":"matus"}}]}},"_links":{"self":[{"href":"https:\/\/kulturneleto.eu\/en\/wp-json\/wp\/v2\/posts\/14627","targetHints":{"allow":["GET"]}}],"collection":[{"href":"https:\/\/kulturneleto.eu\/en\/wp-json\/wp\/v2\/posts"}],"about":[{"href":"https:\/\/kulturneleto.eu\/en\/wp-json\/wp\/v2\/types\/post"}],"author":[{"embeddable":true,"href":"https:\/\/kulturneleto.eu\/en\/wp-json\/wp\/v2\/users\/5"}],"replies":[{"embeddable":true,"href":"https:\/\/kulturneleto.eu\/en\/wp-json\/wp\/v2\/comments?post=14627"}],"version-history":[{"count":2,"href":"https:\/\/kulturneleto.eu\/en\/wp-json\/wp\/v2\/posts\/14627\/revisions"}],"predecessor-version":[{"id":14629,"href":"https:\/\/kulturneleto.eu\/en\/wp-json\/wp\/v2\/posts\/14627\/revisions\/14629"}],"wp:featuredmedia":[{"embeddable":true,"href":"https:\/\/kulturneleto.eu\/en\/wp-json\/wp\/v2\/media\/14580"}],"wp:attachment":[{"href":"https:\/\/kulturneleto.eu\/en\/wp-json\/wp\/v2\/media?parent=14627"}],"wp:term":[{"taxonomy":"category","embeddable":true,"href":"https:\/\/kulturneleto.eu\/en\/wp-json\/wp\/v2\/categories?post=14627"},{"taxonomy":"post_tag","embeddable":true,"href":"https:\/\/kulturneleto.eu\/en\/wp-json\/wp\/v2\/tags?post=14627"}],"curies":[{"name":"wp","href":"https:\/\/api.w.org\/{rel}","templated":true}]}}