{"id":14630,"date":"2026-09-02T10:49:01","date_gmt":"2026-09-02T08:49:01","guid":{"rendered":"https:\/\/kulturneleto.eu\/?p=14630"},"modified":"2026-09-02T10:49:02","modified_gmt":"2026-09-02T08:49:02","slug":"pozrite-si-co-nas-caka-v-poslednom-mesiaci-zilinskeho-kulturneho-leta","status":"publish","type":"post","link":"https:\/\/kulturneleto.eu\/en\/2026\/pozrite-si-co-nas-caka-v-poslednom-mesiaci-zilinskeho-kulturneho-leta\/","title":{"rendered":"Pozrite si, \u010do n\u00e1s \u010dak\u00e1 v poslednom mesiaci \u017dilinsk\u00e9ho kult\u00farneho leta"},"content":{"rendered":"<figure class=\"wp-block-image size-large\"><img fetchpriority=\"high\" decoding=\"async\" width=\"724\" height=\"1024\" src=\"https:\/\/kulturneleto.eu\/wp-content\/uploads\/2026\/09\/A2_S-1-scaled-1-724x1024.png\" alt=\"\" class=\"wp-image-14631\" srcset=\"https:\/\/kulturneleto.eu\/wp-content\/uploads\/2026\/09\/A2_S-1-scaled-1-724x1024.png 724w, https:\/\/kulturneleto.eu\/wp-content\/uploads\/2026\/09\/A2_S-1-scaled-1-768x1086.png 768w, https:\/\/kulturneleto.eu\/wp-content\/uploads\/2026\/09\/A2_S-1-scaled-1-1086x1536.png 1086w, https:\/\/kulturneleto.eu\/wp-content\/uploads\/2026\/09\/A2_S-1-scaled-1-1448x2048.png 1448w, https:\/\/kulturneleto.eu\/wp-content\/uploads\/2026\/09\/A2_S-1-scaled-1-8x12.png 8w, https:\/\/kulturneleto.eu\/wp-content\/uploads\/2026\/09\/A2_S-1-scaled-1.png 1810w\" sizes=\"(max-width: 724px) 100vw, 724px\" \/><\/figure>\n\n\n\n<p class=\"wp-block-paragraph\">V septembri pon\u00fakne \u017dilinsk\u00e9 kult\u00farne leto pestr\u00fd program pre r\u00f4zne vekov\u00e9 skupiny. Te\u0161i\u0165 sa m\u00f4\u017eete na hudobn\u00e9 a tane\u010dn\u00e9 podujatia \u2013&nbsp;<strong>Mieste\u010dko o\u017e\u00edva 3.9.2026<\/strong>, streetfood festival,&nbsp;<strong>\u017dilinsk\u00fd liter\u00e1rny festival<\/strong>&nbsp;\u010di&nbsp;<strong>Festival svetla \u017dI\u017dA 18-19.9.2026<\/strong>. Program doplnia \u0161portov\u00e9, komunitn\u00e9 a kult\u00farne akcie, v\u00fdstavy a \u010fal\u0161ie sprievodn\u00e9 podujatia v centre \u017diliny.<\/p>\n\n\n\n<p class=\"wp-block-paragraph\">Pozrite si kompletn\u00fd septembrov\u00fd program a napl\u00e1nujte si posledn\u00e9 tepl\u00e9 dni pln\u00e9 kult\u00fary a z\u00e1\u017eitkov.<\/p>","protected":false},"excerpt":{"rendered":"<p>V septembri pon\u00fakne \u017dilinsk\u00e9 kult\u00farne leto pestr\u00fd program pre r\u00f4zne vekov\u00e9 skupiny. Te\u0161i\u0165 sa m\u00f4\u017eete na hudobn\u00e9 a tane\u010dn\u00e9 podujatia \u2013&nbsp;Mieste\u010dko o\u017e\u00edva 3.9.2026, streetfood festival,&nbsp;\u017dilinsk\u00fd liter\u00e1rny festival&nbsp;\u010di&nbsp;Festival svetla \u017dI\u017dA 18-19.9.2026. Program doplnia \u0161portov\u00e9, komunitn\u00e9 a kult\u00farne akcie, v\u00fdstavy a \u010fal\u0161ie sprievodn\u00e9 podujatia v centre \u017diliny. Pozrite si kompletn\u00fd septembrov\u00fd program a napl\u00e1nujte si posledn\u00e9 tepl\u00e9 [&hellip;]<\/p>\n","protected":false},"author":5,"featured_media":14631,"comment_status":"closed","ping_status":"closed","sticky":false,"template":"","format":"standard","meta":{"footnotes":""},"categories":[1],"tags":[],"class_list":["post-14630","post","type-post","status-publish","format-standard","has-post-thumbnail","hentry","category-novinky"],"yoast_head":"<!-- This site is optimized with the Yoast SEO plugin v28.4 - https:\/\/yoast.com\/product\/yoast-seo-wordpress\/ -->\n<title>Pozrite si, \u010do n\u00e1s \u010dak\u00e1 v poslednom mesiaci \u017dilinsk\u00e9ho kult\u00farneho leta - \u017dilinsk\u00e9 kult\u00farne leto 2026<\/title>\n<meta name=\"robots\" content=\"index, follow, max-snippet:-1, max-image-preview:large, max-video-preview:-1\" \/>\n<link rel=\"canonical\" href=\"https:\/\/kulturneleto.eu\/en\/2026\/pozrite-si-co-nas-caka-v-poslednom-mesiaci-zilinskeho-kulturneho-leta\/\" \/>\n<meta property=\"og:locale\" content=\"en_GB\" \/>\n<meta property=\"og:type\" content=\"article\" \/>\n<meta property=\"og:title\" content=\"Pozrite si, \u010do n\u00e1s \u010dak\u00e1 v poslednom mesiaci \u017dilinsk\u00e9ho kult\u00farneho leta - \u017dilinsk\u00e9 kult\u00farne leto 2026\" \/>\n<meta property=\"og:description\" content=\"V septembri pon\u00fakne \u017dilinsk\u00e9 kult\u00farne leto pestr\u00fd program pre r\u00f4zne vekov\u00e9 skupiny. Te\u0161i\u0165 sa m\u00f4\u017eete na hudobn\u00e9 a tane\u010dn\u00e9 podujatia \u2013&nbsp;Mieste\u010dko o\u017e\u00edva 3.9.2026, streetfood festival,&nbsp;\u017dilinsk\u00fd liter\u00e1rny festival&nbsp;\u010di&nbsp;Festival svetla \u017dI\u017dA 18-19.9.2026. Program doplnia \u0161portov\u00e9, komunitn\u00e9 a kult\u00farne akcie, v\u00fdstavy a \u010fal\u0161ie sprievodn\u00e9 podujatia v centre \u017diliny. Pozrite si kompletn\u00fd septembrov\u00fd program a napl\u00e1nujte si posledn\u00e9 tepl\u00e9 [&hellip;]\" \/>\n<meta property=\"og:url\" content=\"https:\/\/kulturneleto.eu\/en\/2026\/pozrite-si-co-nas-caka-v-poslednom-mesiaci-zilinskeho-kulturneho-leta\/\" \/>\n<meta property=\"og:site_name\" content=\"\u017dilinsk\u00e9 kult\u00farne leto 2026\" \/>\n<meta property=\"article:publisher\" content=\"https:\/\/www.facebook.com\/Mesto-ilina-162541880519007\" \/>\n<meta property=\"article:published_time\" content=\"2026-09-02T08:49:01+00:00\" \/>\n<meta property=\"article:modified_time\" content=\"2026-09-02T08:49:02+00:00\" \/>\n<meta property=\"og:image\" content=\"https:\/\/kulturneleto.eu\/wp-content\/uploads\/2026\/09\/A2_S-1-scaled-1.png\" \/>\n\t<meta property=\"og:image:width\" content=\"1810\" \/>\n\t<meta property=\"og:image:height\" content=\"2560\" \/>\n\t<meta property=\"og:image:type\" content=\"image\/png\" \/>\n<meta name=\"author\" content=\"matus\" \/>\n<meta name=\"twitter:card\" content=\"summary_large_image\" \/>\n<meta name=\"twitter:label1\" content=\"Written by\" \/>\n\t<meta name=\"twitter:data1\" content=\"matus\" \/>\n\t<meta name=\"twitter:label2\" content=\"Estimated reading time\" \/>\n\t<meta name=\"twitter:data2\" content=\"1 minute\" \/>\n<script type=\"application\/ld+json\" class=\"yoast-schema-graph\">{\"@context\":\"https:\\\/\\\/schema.org\",\"@graph\":[{\"@type\":\"Article\",\"@id\":\"https:\\\/\\\/kulturneleto.eu\\\/2026\\\/pozrite-si-co-nas-caka-v-poslednom-mesiaci-zilinskeho-kulturneho-leta\\\/#article\",\"isPartOf\":{\"@id\":\"https:\\\/\\\/kulturneleto.eu\\\/2026\\\/pozrite-si-co-nas-caka-v-poslednom-mesiaci-zilinskeho-kulturneho-leta\\\/\"},\"author\":{\"name\":\"matus\",\"@id\":\"https:\\\/\\\/kulturneleto.eu\\\/#\\\/schema\\\/person\\\/08251513abeceb529336f9c3b9a5c7ab\"},\"headline\":\"Pozrite si, \u010do n\u00e1s \u010dak\u00e1 v poslednom mesiaci \u017dilinsk\u00e9ho kult\u00farneho leta\",\"datePublished\":\"2026-09-02T08:49:01+00:00\",\"dateModified\":\"2026-09-02T08:49:02+00:00\",\"mainEntityOfPage\":{\"@id\":\"https:\\\/\\\/kulturneleto.eu\\\/2026\\\/pozrite-si-co-nas-caka-v-poslednom-mesiaci-zilinskeho-kulturneho-leta\\\/\"},\"wordCount\":96,\"publisher\":{\"@id\":\"https:\\\/\\\/kulturneleto.eu\\\/#organization\"},\"image\":{\"@id\":\"https:\\\/\\\/kulturneleto.eu\\\/2026\\\/pozrite-si-co-nas-caka-v-poslednom-mesiaci-zilinskeho-kulturneho-leta\\\/#primaryimage\"},\"thumbnailUrl\":\"https:\\\/\\\/kulturneleto.eu\\\/wp-content\\\/uploads\\\/2026\\\/09\\\/A2_S-1-scaled-1.png\",\"articleSection\":[\"Novinky\"],\"inLanguage\":\"en-GB\"},{\"@type\":\"WebPage\",\"@id\":\"https:\\\/\\\/kulturneleto.eu\\\/2026\\\/pozrite-si-co-nas-caka-v-poslednom-mesiaci-zilinskeho-kulturneho-leta\\\/\",\"url\":\"https:\\\/\\\/kulturneleto.eu\\\/2026\\\/pozrite-si-co-nas-caka-v-poslednom-mesiaci-zilinskeho-kulturneho-leta\\\/\",\"name\":\"Pozrite si, \u010do n\u00e1s \u010dak\u00e1 v poslednom mesiaci \u017dilinsk\u00e9ho kult\u00farneho leta - \u017dilinsk\u00e9 kult\u00farne leto 2026\",\"isPartOf\":{\"@id\":\"https:\\\/\\\/kulturneleto.eu\\\/#website\"},\"primaryImageOfPage\":{\"@id\":\"https:\\\/\\\/kulturneleto.eu\\\/2026\\\/pozrite-si-co-nas-caka-v-poslednom-mesiaci-zilinskeho-kulturneho-leta\\\/#primaryimage\"},\"image\":{\"@id\":\"https:\\\/\\\/kulturneleto.eu\\\/2026\\\/pozrite-si-co-nas-caka-v-poslednom-mesiaci-zilinskeho-kulturneho-leta\\\/#primaryimage\"},\"thumbnailUrl\":\"https:\\\/\\\/kulturneleto.eu\\\/wp-content\\\/uploads\\\/2026\\\/09\\\/A2_S-1-scaled-1.png\",\"datePublished\":\"2026-09-02T08:49:01+00:00\",\"dateModified\":\"2026-09-02T08:49:02+00:00\",\"breadcrumb\":{\"@id\":\"https:\\\/\\\/kulturneleto.eu\\\/2026\\\/pozrite-si-co-nas-caka-v-poslednom-mesiaci-zilinskeho-kulturneho-leta\\\/#breadcrumb\"},\"inLanguage\":\"en-GB\",\"potentialAction\":[{\"@type\":\"ReadAction\",\"target\":[\"https:\\\/\\\/kulturneleto.eu\\\/2026\\\/pozrite-si-co-nas-caka-v-poslednom-mesiaci-zilinskeho-kulturneho-leta\\\/\"]}]},{\"@type\":\"ImageObject\",\"inLanguage\":\"en-GB\",\"@id\":\"https:\\\/\\\/kulturneleto.eu\\\/2026\\\/pozrite-si-co-nas-caka-v-poslednom-mesiaci-zilinskeho-kulturneho-leta\\\/#primaryimage\",\"url\":\"https:\\\/\\\/kulturneleto.eu\\\/wp-content\\\/uploads\\\/2026\\\/09\\\/A2_S-1-scaled-1.png\",\"contentUrl\":\"https:\\\/\\\/kulturneleto.eu\\\/wp-content\\\/uploads\\\/2026\\\/09\\\/A2_S-1-scaled-1.png\",\"width\":1810,\"height\":2560},{\"@type\":\"BreadcrumbList\",\"@id\":\"https:\\\/\\\/kulturneleto.eu\\\/2026\\\/pozrite-si-co-nas-caka-v-poslednom-mesiaci-zilinskeho-kulturneho-leta\\\/#breadcrumb\",\"itemListElement\":[{\"@type\":\"ListItem\",\"position\":1,\"name\":\"Domovsk\u00e1 str\u00e1nka\",\"item\":\"https:\\\/\\\/kulturneleto.eu\\\/\"},{\"@type\":\"ListItem\",\"position\":2,\"name\":\"Pozrite si, \u010do n\u00e1s \u010dak\u00e1 v poslednom mesiaci \u017dilinsk\u00e9ho kult\u00farneho leta\"}]},{\"@type\":\"WebSite\",\"@id\":\"https:\\\/\\\/kulturneleto.eu\\\/#website\",\"url\":\"https:\\\/\\\/kulturneleto.eu\\\/\",\"name\":\"\u017dilinsk\u00e9 kult\u00farne leto 2026\",\"description\":\"j\u00fal, august, september\",\"publisher\":{\"@id\":\"https:\\\/\\\/kulturneleto.eu\\\/#organization\"},\"potentialAction\":[{\"@type\":\"SearchAction\",\"target\":{\"@type\":\"EntryPoint\",\"urlTemplate\":\"https:\\\/\\\/kulturneleto.eu\\\/?s={search_term_string}\"},\"query-input\":{\"@type\":\"PropertyValueSpecification\",\"valueRequired\":true,\"valueName\":\"search_term_string\"}}],\"inLanguage\":\"en-GB\"},{\"@type\":\"Organization\",\"@id\":\"https:\\\/\\\/kulturneleto.eu\\\/#organization\",\"name\":\"Kult\u00farne leto\",\"url\":\"https:\\\/\\\/kulturneleto.eu\\\/\",\"logo\":{\"@type\":\"ImageObject\",\"inLanguage\":\"en-GB\",\"@id\":\"https:\\\/\\\/kulturneleto.eu\\\/#\\\/schema\\\/logo\\\/image\\\/\",\"url\":\"https:\\\/\\\/kulturneleto.eu\\\/wp-content\\\/uploads\\\/2022\\\/06\\\/logo_zkl_2022_orange.png\",\"contentUrl\":\"https:\\\/\\\/kulturneleto.eu\\\/wp-content\\\/uploads\\\/2022\\\/06\\\/logo_zkl_2022_orange.png\",\"width\":330,\"height\":117,\"caption\":\"Kult\u00farne leto\"},\"image\":{\"@id\":\"https:\\\/\\\/kulturneleto.eu\\\/#\\\/schema\\\/logo\\\/image\\\/\"},\"sameAs\":[\"https:\\\/\\\/www.facebook.com\\\/Mesto-ilina-162541880519007\",\"https:\\\/\\\/www.youtube.com\\\/channel\\\/UCfY6Cc8yEeMgTWAUW5QaGAw\",\"https:\\\/\\\/www.instagram.com\\\/mestozilina\\\/?hl=sk\"]},{\"@type\":\"Person\",\"@id\":\"https:\\\/\\\/kulturneleto.eu\\\/#\\\/schema\\\/person\\\/08251513abeceb529336f9c3b9a5c7ab\",\"name\":\"matus\",\"image\":{\"@type\":\"ImageObject\",\"inLanguage\":\"en-GB\",\"@id\":\"https:\\\/\\\/kulturneleto.eu\\\/wp-content\\\/litespeed\\\/avatar\\\/3a2cd69f439d2811c5ef569ca1dd384c.jpg?ver=1787783665\",\"url\":\"https:\\\/\\\/kulturneleto.eu\\\/wp-content\\\/litespeed\\\/avatar\\\/3a2cd69f439d2811c5ef569ca1dd384c.jpg?ver=1787783665\",\"contentUrl\":\"https:\\\/\\\/kulturneleto.eu\\\/wp-content\\\/litespeed\\\/avatar\\\/3a2cd69f439d2811c5ef569ca1dd384c.jpg?ver=1787783665\",\"caption\":\"matus\"}}]}<\/script>\n<!-- \/ Yoast SEO plugin. -->","yoast_head_json":{"title":"Pozrite si, \u010do n\u00e1s \u010dak\u00e1 v poslednom mesiaci \u017dilinsk\u00e9ho kult\u00farneho leta - \u017dilinsk\u00e9 kult\u00farne leto 2026","robots":{"index":"index","follow":"follow","max-snippet":"max-snippet:-1","max-image-preview":"max-image-preview:large","max-video-preview":"max-video-preview:-1"},"canonical":"https:\/\/kulturneleto.eu\/en\/2026\/pozrite-si-co-nas-caka-v-poslednom-mesiaci-zilinskeho-kulturneho-leta\/","og_locale":"en_GB","og_type":"article","og_title":"Pozrite si, \u010do n\u00e1s \u010dak\u00e1 v poslednom mesiaci \u017dilinsk\u00e9ho kult\u00farneho leta - \u017dilinsk\u00e9 kult\u00farne leto 2026","og_description":"V septembri pon\u00fakne \u017dilinsk\u00e9 kult\u00farne leto pestr\u00fd program pre r\u00f4zne vekov\u00e9 skupiny. Te\u0161i\u0165 sa m\u00f4\u017eete na hudobn\u00e9 a tane\u010dn\u00e9 podujatia \u2013&nbsp;Mieste\u010dko o\u017e\u00edva 3.9.2026, streetfood festival,&nbsp;\u017dilinsk\u00fd liter\u00e1rny festival&nbsp;\u010di&nbsp;Festival svetla \u017dI\u017dA 18-19.9.2026. Program doplnia \u0161portov\u00e9, komunitn\u00e9 a kult\u00farne akcie, v\u00fdstavy a \u010fal\u0161ie sprievodn\u00e9 podujatia v centre \u017diliny. Pozrite si kompletn\u00fd septembrov\u00fd program a napl\u00e1nujte si posledn\u00e9 tepl\u00e9 [&hellip;]","og_url":"https:\/\/kulturneleto.eu\/en\/2026\/pozrite-si-co-nas-caka-v-poslednom-mesiaci-zilinskeho-kulturneho-leta\/","og_site_name":"\u017dilinsk\u00e9 kult\u00farne leto 2026","article_publisher":"https:\/\/www.facebook.com\/Mesto-ilina-162541880519007","article_published_time":"2026-09-02T08:49:01+00:00","article_modified_time":"2026-09-02T08:49:02+00:00","og_image":[{"width":1810,"height":2560,"url":"https:\/\/kulturneleto.eu\/wp-content\/uploads\/2026\/09\/A2_S-1-scaled-1.png","type":"image\/png"}],"author":"matus","twitter_card":"summary_large_image","twitter_misc":{"Written by":"matus","Estimated reading time":"1 minute"},"schema":{"@context":"https:\/\/schema.org","@graph":[{"@type":"Article","@id":"https:\/\/kulturneleto.eu\/2026\/pozrite-si-co-nas-caka-v-poslednom-mesiaci-zilinskeho-kulturneho-leta\/#article","isPartOf":{"@id":"https:\/\/kulturneleto.eu\/2026\/pozrite-si-co-nas-caka-v-poslednom-mesiaci-zilinskeho-kulturneho-leta\/"},"author":{"name":"matus","@id":"https:\/\/kulturneleto.eu\/#\/schema\/person\/08251513abeceb529336f9c3b9a5c7ab"},"headline":"Pozrite si, \u010do n\u00e1s \u010dak\u00e1 v poslednom mesiaci \u017dilinsk\u00e9ho kult\u00farneho leta","datePublished":"2026-09-02T08:49:01+00:00","dateModified":"2026-09-02T08:49:02+00:00","mainEntityOfPage":{"@id":"https:\/\/kulturneleto.eu\/2026\/pozrite-si-co-nas-caka-v-poslednom-mesiaci-zilinskeho-kulturneho-leta\/"},"wordCount":96,"publisher":{"@id":"https:\/\/kulturneleto.eu\/#organization"},"image":{"@id":"https:\/\/kulturneleto.eu\/2026\/pozrite-si-co-nas-caka-v-poslednom-mesiaci-zilinskeho-kulturneho-leta\/#primaryimage"},"thumbnailUrl":"https:\/\/kulturneleto.eu\/wp-content\/uploads\/2026\/09\/A2_S-1-scaled-1.png","articleSection":["Novinky"],"inLanguage":"en-GB"},{"@type":"WebPage","@id":"https:\/\/kulturneleto.eu\/2026\/pozrite-si-co-nas-caka-v-poslednom-mesiaci-zilinskeho-kulturneho-leta\/","url":"https:\/\/kulturneleto.eu\/2026\/pozrite-si-co-nas-caka-v-poslednom-mesiaci-zilinskeho-kulturneho-leta\/","name":"Pozrite si, \u010do n\u00e1s \u010dak\u00e1 v poslednom mesiaci \u017dilinsk\u00e9ho kult\u00farneho leta - \u017dilinsk\u00e9 kult\u00farne leto 2026","isPartOf":{"@id":"https:\/\/kulturneleto.eu\/#website"},"primaryImageOfPage":{"@id":"https:\/\/kulturneleto.eu\/2026\/pozrite-si-co-nas-caka-v-poslednom-mesiaci-zilinskeho-kulturneho-leta\/#primaryimage"},"image":{"@id":"https:\/\/kulturneleto.eu\/2026\/pozrite-si-co-nas-caka-v-poslednom-mesiaci-zilinskeho-kulturneho-leta\/#primaryimage"},"thumbnailUrl":"https:\/\/kulturneleto.eu\/wp-content\/uploads\/2026\/09\/A2_S-1-scaled-1.png","datePublished":"2026-09-02T08:49:01+00:00","dateModified":"2026-09-02T08:49:02+00:00","breadcrumb":{"@id":"https:\/\/kulturneleto.eu\/2026\/pozrite-si-co-nas-caka-v-poslednom-mesiaci-zilinskeho-kulturneho-leta\/#breadcrumb"},"inLanguage":"en-GB","potentialAction":[{"@type":"ReadAction","target":["https:\/\/kulturneleto.eu\/2026\/pozrite-si-co-nas-caka-v-poslednom-mesiaci-zilinskeho-kulturneho-leta\/"]}]},{"@type":"ImageObject","inLanguage":"en-GB","@id":"https:\/\/kulturneleto.eu\/2026\/pozrite-si-co-nas-caka-v-poslednom-mesiaci-zilinskeho-kulturneho-leta\/#primaryimage","url":"https:\/\/kulturneleto.eu\/wp-content\/uploads\/2026\/09\/A2_S-1-scaled-1.png","contentUrl":"https:\/\/kulturneleto.eu\/wp-content\/uploads\/2026\/09\/A2_S-1-scaled-1.png","width":1810,"height":2560},{"@type":"BreadcrumbList","@id":"https:\/\/kulturneleto.eu\/2026\/pozrite-si-co-nas-caka-v-poslednom-mesiaci-zilinskeho-kulturneho-leta\/#breadcrumb","itemListElement":[{"@type":"ListItem","position":1,"name":"Domovsk\u00e1 str\u00e1nka","item":"https:\/\/kulturneleto.eu\/"},{"@type":"ListItem","position":2,"name":"Pozrite si, \u010do n\u00e1s \u010dak\u00e1 v poslednom mesiaci \u017dilinsk\u00e9ho kult\u00farneho leta"}]},{"@type":"WebSite","@id":"https:\/\/kulturneleto.eu\/#website","url":"https:\/\/kulturneleto.eu\/","name":"\u017dilinsk\u00e9 kult\u00farne leto 2026","description":"j\u00fal, august, september","publisher":{"@id":"https:\/\/kulturneleto.eu\/#organization"},"potentialAction":[{"@type":"SearchAction","target":{"@type":"EntryPoint","urlTemplate":"https:\/\/kulturneleto.eu\/?s={search_term_string}"},"query-input":{"@type":"PropertyValueSpecification","valueRequired":true,"valueName":"search_term_string"}}],"inLanguage":"en-GB"},{"@type":"Organization","@id":"https:\/\/kulturneleto.eu\/#organization","name":"Kult\u00farne leto","url":"https:\/\/kulturneleto.eu\/","logo":{"@type":"ImageObject","inLanguage":"en-GB","@id":"https:\/\/kulturneleto.eu\/#\/schema\/logo\/image\/","url":"https:\/\/kulturneleto.eu\/wp-content\/uploads\/2022\/06\/logo_zkl_2022_orange.png","contentUrl":"https:\/\/kulturneleto.eu\/wp-content\/uploads\/2022\/06\/logo_zkl_2022_orange.png","width":330,"height":117,"caption":"Kult\u00farne leto"},"image":{"@id":"https:\/\/kulturneleto.eu\/#\/schema\/logo\/image\/"},"sameAs":["https:\/\/www.facebook.com\/Mesto-ilina-162541880519007","https:\/\/www.youtube.com\/channel\/UCfY6Cc8yEeMgTWAUW5QaGAw","https:\/\/www.instagram.com\/mestozilina\/?hl=sk"]},{"@type":"Person","@id":"https:\/\/kulturneleto.eu\/#\/schema\/person\/08251513abeceb529336f9c3b9a5c7ab","name":"matus","image":{"@type":"ImageObject","inLanguage":"en-GB","@id":"https:\/\/kulturneleto.eu\/wp-content\/litespeed\/avatar\/3a2cd69f439d2811c5ef569ca1dd384c.jpg?ver=1787783665","url":"https:\/\/kulturneleto.eu\/wp-content\/litespeed\/avatar\/3a2cd69f439d2811c5ef569ca1dd384c.jpg?ver=1787783665","contentUrl":"https:\/\/kulturneleto.eu\/wp-content\/litespeed\/avatar\/3a2cd69f439d2811c5ef569ca1dd384c.jpg?ver=1787783665","caption":"matus"}}]}},"_links":{"self":[{"href":"https:\/\/kulturneleto.eu\/en\/wp-json\/wp\/v2\/posts\/14630","targetHints":{"allow":["GET"]}}],"collection":[{"href":"https:\/\/kulturneleto.eu\/en\/wp-json\/wp\/v2\/posts"}],"about":[{"href":"https:\/\/kulturneleto.eu\/en\/wp-json\/wp\/v2\/types\/post"}],"author":[{"embeddable":true,"href":"https:\/\/kulturneleto.eu\/en\/wp-json\/wp\/v2\/users\/5"}],"replies":[{"embeddable":true,"href":"https:\/\/kulturneleto.eu\/en\/wp-json\/wp\/v2\/comments?post=14630"}],"version-history":[{"count":1,"href":"https:\/\/kulturneleto.eu\/en\/wp-json\/wp\/v2\/posts\/14630\/revisions"}],"predecessor-version":[{"id":14632,"href":"https:\/\/kulturneleto.eu\/en\/wp-json\/wp\/v2\/posts\/14630\/revisions\/14632"}],"wp:featuredmedia":[{"embeddable":true,"href":"https:\/\/kulturneleto.eu\/en\/wp-json\/wp\/v2\/media\/14631"}],"wp:attachment":[{"href":"https:\/\/kulturneleto.eu\/en\/wp-json\/wp\/v2\/media?parent=14630"}],"wp:term":[{"taxonomy":"category","embeddable":true,"href":"https:\/\/kulturneleto.eu\/en\/wp-json\/wp\/v2\/categories?post=14630"},{"taxonomy":"post_tag","embeddable":true,"href":"https:\/\/kulturneleto.eu\/en\/wp-json\/wp\/v2\/tags?post=14630"}],"curies":[{"name":"wp","href":"https:\/\/api.w.org\/{rel}","templated":true}]}}