{"id":14633,"date":"2026-09-02T10:50:48","date_gmt":"2026-09-02T08:50:48","guid":{"rendered":"https:\/\/kulturneleto.eu\/?p=14633"},"modified":"2026-09-03T09:42:02","modified_gmt":"2026-09-03T07:42:02","slug":"miestecko-oziva-festival-hudby-a-tanca","status":"publish","type":"post","link":"https:\/\/kulturneleto.eu\/en\/2026\/miestecko-oziva-festival-hudby-a-tanca\/","title":{"rendered":"Mieste\u010dko o\u017e\u00edva \u2013 Festival hudby a tanca"},"content":{"rendered":"<figure class=\"wp-block-image size-large\"><img fetchpriority=\"high\" decoding=\"async\" width=\"724\" height=\"1024\" src=\"https:\/\/kulturneleto.eu\/wp-content\/uploads\/2026\/09\/wewe-1448x2048-1-724x1024.png\" alt=\"\" class=\"wp-image-14636\" srcset=\"https:\/\/kulturneleto.eu\/wp-content\/uploads\/2026\/09\/wewe-1448x2048-1-724x1024.png 724w, https:\/\/kulturneleto.eu\/wp-content\/uploads\/2026\/09\/wewe-1448x2048-1-768x1086.png 768w, https:\/\/kulturneleto.eu\/wp-content\/uploads\/2026\/09\/wewe-1448x2048-1-1086x1536.png 1086w, https:\/\/kulturneleto.eu\/wp-content\/uploads\/2026\/09\/wewe-1448x2048-1-8x12.png 8w, https:\/\/kulturneleto.eu\/wp-content\/uploads\/2026\/09\/wewe-1448x2048-1.png 1448w\" sizes=\"(max-width: 724px) 100vw, 724px\" \/><\/figure>\n\n\n\n<figure class=\"wp-block-image size-large\"><img decoding=\"async\" width=\"1024\" height=\"764\" src=\"https:\/\/kulturneleto.eu\/wp-content\/uploads\/2026\/08\/Miesteckozmena1-1024x764.png\" alt=\"\" class=\"wp-image-14645\" srcset=\"https:\/\/kulturneleto.eu\/wp-content\/uploads\/2026\/08\/Miesteckozmena1-1024x764.png 1024w, https:\/\/kulturneleto.eu\/wp-content\/uploads\/2026\/08\/Miesteckozmena1-768x573.png 768w, https:\/\/kulturneleto.eu\/wp-content\/uploads\/2026\/08\/Miesteckozmena1-1536x1147.png 1536w, https:\/\/kulturneleto.eu\/wp-content\/uploads\/2026\/08\/Miesteckozmena1-2048x1529.png 2048w, https:\/\/kulturneleto.eu\/wp-content\/uploads\/2026\/08\/Miesteckozmena1-16x12.png 16w\" sizes=\"(max-width: 1024px) 100vw, 1024px\" \/><\/figure>\n\n\n\n<p class=\"wp-block-paragraph\"><strong>Prv\u00e9 podujatie v Hudobnom pavil\u00f3ne je FESTIVAL HUDBY A&nbsp;TANCA a bude patri\u0165 najm\u00e4 spolo\u010dn\u00e9mu stretnutiu, pohybu a dobrej n\u00e1lade. Okrem&nbsp;tanca a&nbsp;koncertov r\u00f4znych hudobn\u00fdch \u017e\u00e1nrov je pripraven\u00e9 kreat\u00edvne zdobenie hudobn\u00e9ho pavil\u00f3nu&nbsp;a&nbsp;komunitn\u00fd piknik.&nbsp;Zapojen\u00edm sa do pohybov\u00fdch a&nbsp;kreat\u00edvnych aktiv\u00edt n\u00e1v\u0161tevn\u00edci z\u00edskaj\u00fa&nbsp;zadarmo poch\u00fa\u0165ky z&nbsp;n\u00e1\u0161ho komunitn\u00e9ho grilu. Te\u0161\u00edme sa na va\u0161u \u00fa\u010das\u0165 a spolo\u010dne str\u00e1ven\u00e9 poobedie a ve\u010der v pr\u00edjemnom prostred\u00ed v r\u00e1mci komunity.&nbsp;<\/strong><a href=\"https:\/\/www.kulturazilina.sk\/?taxonomy=elementor_library_type&amp;term=tec_event_single_static\"><\/a><\/p>","protected":false},"excerpt":{"rendered":"<p>Prv\u00e9 podujatie v Hudobnom pavil\u00f3ne je FESTIVAL HUDBY A&nbsp;TANCA a bude patri\u0165 najm\u00e4 spolo\u010dn\u00e9mu stretnutiu, pohybu a dobrej n\u00e1lade. Okrem&nbsp;tanca a&nbsp;koncertov r\u00f4znych hudobn\u00fdch \u017e\u00e1nrov je pripraven\u00e9 kreat\u00edvne zdobenie hudobn\u00e9ho pavil\u00f3nu&nbsp;a&nbsp;komunitn\u00fd piknik.&nbsp;Zapojen\u00edm sa do pohybov\u00fdch a&nbsp;kreat\u00edvnych aktiv\u00edt n\u00e1v\u0161tevn\u00edci z\u00edskaj\u00fa&nbsp;zadarmo poch\u00fa\u0165ky z&nbsp;n\u00e1\u0161ho komunitn\u00e9ho grilu. Te\u0161\u00edme sa na va\u0161u \u00fa\u010das\u0165 a spolo\u010dne str\u00e1ven\u00e9 poobedie a ve\u010der v pr\u00edjemnom [&hellip;]<\/p>\n","protected":false},"author":5,"featured_media":14634,"comment_status":"closed","ping_status":"closed","sticky":false,"template":"","format":"standard","meta":{"footnotes":""},"categories":[1],"tags":[],"class_list":["post-14633","post","type-post","status-publish","format-standard","has-post-thumbnail","hentry","category-novinky"],"yoast_head":"<!-- This site is optimized with the Yoast SEO plugin v28.4 - https:\/\/yoast.com\/product\/yoast-seo-wordpress\/ -->\n<title>Mieste\u010dko o\u017e\u00edva \u2013 Festival hudby a tanca - \u017dilinsk\u00e9 kult\u00farne leto 2026<\/title>\n<meta name=\"robots\" content=\"index, follow, max-snippet:-1, max-image-preview:large, max-video-preview:-1\" \/>\n<link rel=\"canonical\" href=\"https:\/\/kulturneleto.eu\/en\/2026\/miestecko-oziva-festival-hudby-a-tanca\/\" \/>\n<meta property=\"og:locale\" content=\"en_GB\" \/>\n<meta property=\"og:type\" content=\"article\" \/>\n<meta property=\"og:title\" content=\"Mieste\u010dko o\u017e\u00edva \u2013 Festival hudby a tanca - \u017dilinsk\u00e9 kult\u00farne leto 2026\" \/>\n<meta property=\"og:description\" content=\"Prv\u00e9 podujatie v Hudobnom pavil\u00f3ne je FESTIVAL HUDBY A&nbsp;TANCA a bude patri\u0165 najm\u00e4 spolo\u010dn\u00e9mu stretnutiu, pohybu a dobrej n\u00e1lade. Okrem&nbsp;tanca a&nbsp;koncertov r\u00f4znych hudobn\u00fdch \u017e\u00e1nrov je pripraven\u00e9 kreat\u00edvne zdobenie hudobn\u00e9ho pavil\u00f3nu&nbsp;a&nbsp;komunitn\u00fd piknik.&nbsp;Zapojen\u00edm sa do pohybov\u00fdch a&nbsp;kreat\u00edvnych aktiv\u00edt n\u00e1v\u0161tevn\u00edci z\u00edskaj\u00fa&nbsp;zadarmo poch\u00fa\u0165ky z&nbsp;n\u00e1\u0161ho komunitn\u00e9ho grilu. Te\u0161\u00edme sa na va\u0161u \u00fa\u010das\u0165 a spolo\u010dne str\u00e1ven\u00e9 poobedie a ve\u010der v pr\u00edjemnom [&hellip;]\" \/>\n<meta property=\"og:url\" content=\"https:\/\/kulturneleto.eu\/en\/2026\/miestecko-oziva-festival-hudby-a-tanca\/\" \/>\n<meta property=\"og:site_name\" content=\"\u017dilinsk\u00e9 kult\u00farne leto 2026\" \/>\n<meta property=\"article:publisher\" content=\"https:\/\/www.facebook.com\/Mesto-ilina-162541880519007\" \/>\n<meta property=\"article:published_time\" content=\"2026-09-02T08:50:48+00:00\" \/>\n<meta property=\"article:modified_time\" content=\"2026-09-03T07:42:02+00:00\" \/>\n<meta property=\"og:image\" content=\"https:\/\/kulturneleto.eu\/wp-content\/uploads\/2026\/09\/DPMZ_1-scaled-1.png\" \/>\n\t<meta property=\"og:image:width\" content=\"2560\" \/>\n\t<meta property=\"og:image:height\" content=\"1072\" \/>\n\t<meta property=\"og:image:type\" content=\"image\/png\" \/>\n<meta name=\"author\" content=\"matus\" \/>\n<meta name=\"twitter:card\" content=\"summary_large_image\" \/>\n<meta name=\"twitter:label1\" content=\"Written by\" \/>\n\t<meta name=\"twitter:data1\" content=\"matus\" \/>\n\t<meta name=\"twitter:label2\" content=\"Estimated reading time\" \/>\n\t<meta name=\"twitter:data2\" content=\"1 minute\" \/>\n<script type=\"application\/ld+json\" class=\"yoast-schema-graph\">{\"@context\":\"https:\\\/\\\/schema.org\",\"@graph\":[{\"@type\":\"Article\",\"@id\":\"https:\\\/\\\/kulturneleto.eu\\\/2026\\\/miestecko-oziva-festival-hudby-a-tanca\\\/#article\",\"isPartOf\":{\"@id\":\"https:\\\/\\\/kulturneleto.eu\\\/2026\\\/miestecko-oziva-festival-hudby-a-tanca\\\/\"},\"author\":{\"name\":\"matus\",\"@id\":\"https:\\\/\\\/kulturneleto.eu\\\/#\\\/schema\\\/person\\\/08251513abeceb529336f9c3b9a5c7ab\"},\"headline\":\"Mieste\u010dko o\u017e\u00edva \u2013 Festival hudby a tanca\",\"datePublished\":\"2026-09-02T08:50:48+00:00\",\"dateModified\":\"2026-09-03T07:42:02+00:00\",\"mainEntityOfPage\":{\"@id\":\"https:\\\/\\\/kulturneleto.eu\\\/2026\\\/miestecko-oziva-festival-hudby-a-tanca\\\/\"},\"wordCount\":113,\"publisher\":{\"@id\":\"https:\\\/\\\/kulturneleto.eu\\\/#organization\"},\"image\":{\"@id\":\"https:\\\/\\\/kulturneleto.eu\\\/2026\\\/miestecko-oziva-festival-hudby-a-tanca\\\/#primaryimage\"},\"thumbnailUrl\":\"https:\\\/\\\/kulturneleto.eu\\\/wp-content\\\/uploads\\\/2026\\\/09\\\/DPMZ_1-scaled-1.png\",\"articleSection\":[\"Novinky\"],\"inLanguage\":\"en-GB\"},{\"@type\":\"WebPage\",\"@id\":\"https:\\\/\\\/kulturneleto.eu\\\/2026\\\/miestecko-oziva-festival-hudby-a-tanca\\\/\",\"url\":\"https:\\\/\\\/kulturneleto.eu\\\/2026\\\/miestecko-oziva-festival-hudby-a-tanca\\\/\",\"name\":\"Mieste\u010dko o\u017e\u00edva \u2013 Festival hudby a tanca - \u017dilinsk\u00e9 kult\u00farne leto 2026\",\"isPartOf\":{\"@id\":\"https:\\\/\\\/kulturneleto.eu\\\/#website\"},\"primaryImageOfPage\":{\"@id\":\"https:\\\/\\\/kulturneleto.eu\\\/2026\\\/miestecko-oziva-festival-hudby-a-tanca\\\/#primaryimage\"},\"image\":{\"@id\":\"https:\\\/\\\/kulturneleto.eu\\\/2026\\\/miestecko-oziva-festival-hudby-a-tanca\\\/#primaryimage\"},\"thumbnailUrl\":\"https:\\\/\\\/kulturneleto.eu\\\/wp-content\\\/uploads\\\/2026\\\/09\\\/DPMZ_1-scaled-1.png\",\"datePublished\":\"2026-09-02T08:50:48+00:00\",\"dateModified\":\"2026-09-03T07:42:02+00:00\",\"breadcrumb\":{\"@id\":\"https:\\\/\\\/kulturneleto.eu\\\/2026\\\/miestecko-oziva-festival-hudby-a-tanca\\\/#breadcrumb\"},\"inLanguage\":\"en-GB\",\"potentialAction\":[{\"@type\":\"ReadAction\",\"target\":[\"https:\\\/\\\/kulturneleto.eu\\\/2026\\\/miestecko-oziva-festival-hudby-a-tanca\\\/\"]}]},{\"@type\":\"ImageObject\",\"inLanguage\":\"en-GB\",\"@id\":\"https:\\\/\\\/kulturneleto.eu\\\/2026\\\/miestecko-oziva-festival-hudby-a-tanca\\\/#primaryimage\",\"url\":\"https:\\\/\\\/kulturneleto.eu\\\/wp-content\\\/uploads\\\/2026\\\/09\\\/DPMZ_1-scaled-1.png\",\"contentUrl\":\"https:\\\/\\\/kulturneleto.eu\\\/wp-content\\\/uploads\\\/2026\\\/09\\\/DPMZ_1-scaled-1.png\",\"width\":2560,\"height\":1072},{\"@type\":\"BreadcrumbList\",\"@id\":\"https:\\\/\\\/kulturneleto.eu\\\/2026\\\/miestecko-oziva-festival-hudby-a-tanca\\\/#breadcrumb\",\"itemListElement\":[{\"@type\":\"ListItem\",\"position\":1,\"name\":\"Domovsk\u00e1 str\u00e1nka\",\"item\":\"https:\\\/\\\/kulturneleto.eu\\\/\"},{\"@type\":\"ListItem\",\"position\":2,\"name\":\"Mieste\u010dko o\u017e\u00edva \u2013 Festival hudby a tanca\"}]},{\"@type\":\"WebSite\",\"@id\":\"https:\\\/\\\/kulturneleto.eu\\\/#website\",\"url\":\"https:\\\/\\\/kulturneleto.eu\\\/\",\"name\":\"\u017dilinsk\u00e9 kult\u00farne leto 2026\",\"description\":\"j\u00fal, august, september\",\"publisher\":{\"@id\":\"https:\\\/\\\/kulturneleto.eu\\\/#organization\"},\"potentialAction\":[{\"@type\":\"SearchAction\",\"target\":{\"@type\":\"EntryPoint\",\"urlTemplate\":\"https:\\\/\\\/kulturneleto.eu\\\/?s={search_term_string}\"},\"query-input\":{\"@type\":\"PropertyValueSpecification\",\"valueRequired\":true,\"valueName\":\"search_term_string\"}}],\"inLanguage\":\"en-GB\"},{\"@type\":\"Organization\",\"@id\":\"https:\\\/\\\/kulturneleto.eu\\\/#organization\",\"name\":\"Kult\u00farne leto\",\"url\":\"https:\\\/\\\/kulturneleto.eu\\\/\",\"logo\":{\"@type\":\"ImageObject\",\"inLanguage\":\"en-GB\",\"@id\":\"https:\\\/\\\/kulturneleto.eu\\\/#\\\/schema\\\/logo\\\/image\\\/\",\"url\":\"https:\\\/\\\/kulturneleto.eu\\\/wp-content\\\/uploads\\\/2022\\\/06\\\/logo_zkl_2022_orange.png\",\"contentUrl\":\"https:\\\/\\\/kulturneleto.eu\\\/wp-content\\\/uploads\\\/2022\\\/06\\\/logo_zkl_2022_orange.png\",\"width\":330,\"height\":117,\"caption\":\"Kult\u00farne leto\"},\"image\":{\"@id\":\"https:\\\/\\\/kulturneleto.eu\\\/#\\\/schema\\\/logo\\\/image\\\/\"},\"sameAs\":[\"https:\\\/\\\/www.facebook.com\\\/Mesto-ilina-162541880519007\",\"https:\\\/\\\/www.youtube.com\\\/channel\\\/UCfY6Cc8yEeMgTWAUW5QaGAw\",\"https:\\\/\\\/www.instagram.com\\\/mestozilina\\\/?hl=sk\"]},{\"@type\":\"Person\",\"@id\":\"https:\\\/\\\/kulturneleto.eu\\\/#\\\/schema\\\/person\\\/08251513abeceb529336f9c3b9a5c7ab\",\"name\":\"matus\",\"image\":{\"@type\":\"ImageObject\",\"inLanguage\":\"en-GB\",\"@id\":\"https:\\\/\\\/kulturneleto.eu\\\/wp-content\\\/litespeed\\\/avatar\\\/3a2cd69f439d2811c5ef569ca1dd384c.jpg?ver=1788388919\",\"url\":\"https:\\\/\\\/kulturneleto.eu\\\/wp-content\\\/litespeed\\\/avatar\\\/3a2cd69f439d2811c5ef569ca1dd384c.jpg?ver=1788388919\",\"contentUrl\":\"https:\\\/\\\/kulturneleto.eu\\\/wp-content\\\/litespeed\\\/avatar\\\/3a2cd69f439d2811c5ef569ca1dd384c.jpg?ver=1788388919\",\"caption\":\"matus\"}}]}<\/script>\n<!-- \/ Yoast SEO plugin. -->","yoast_head_json":{"title":"Mieste\u010dko o\u017e\u00edva \u2013 Festival hudby a tanca - \u017dilinsk\u00e9 kult\u00farne leto 2026","robots":{"index":"index","follow":"follow","max-snippet":"max-snippet:-1","max-image-preview":"max-image-preview:large","max-video-preview":"max-video-preview:-1"},"canonical":"https:\/\/kulturneleto.eu\/en\/2026\/miestecko-oziva-festival-hudby-a-tanca\/","og_locale":"en_GB","og_type":"article","og_title":"Mieste\u010dko o\u017e\u00edva \u2013 Festival hudby a tanca - \u017dilinsk\u00e9 kult\u00farne leto 2026","og_description":"Prv\u00e9 podujatie v Hudobnom pavil\u00f3ne je FESTIVAL HUDBY A&nbsp;TANCA a bude patri\u0165 najm\u00e4 spolo\u010dn\u00e9mu stretnutiu, pohybu a dobrej n\u00e1lade. Okrem&nbsp;tanca a&nbsp;koncertov r\u00f4znych hudobn\u00fdch \u017e\u00e1nrov je pripraven\u00e9 kreat\u00edvne zdobenie hudobn\u00e9ho pavil\u00f3nu&nbsp;a&nbsp;komunitn\u00fd piknik.&nbsp;Zapojen\u00edm sa do pohybov\u00fdch a&nbsp;kreat\u00edvnych aktiv\u00edt n\u00e1v\u0161tevn\u00edci z\u00edskaj\u00fa&nbsp;zadarmo poch\u00fa\u0165ky z&nbsp;n\u00e1\u0161ho komunitn\u00e9ho grilu. Te\u0161\u00edme sa na va\u0161u \u00fa\u010das\u0165 a spolo\u010dne str\u00e1ven\u00e9 poobedie a ve\u010der v pr\u00edjemnom [&hellip;]","og_url":"https:\/\/kulturneleto.eu\/en\/2026\/miestecko-oziva-festival-hudby-a-tanca\/","og_site_name":"\u017dilinsk\u00e9 kult\u00farne leto 2026","article_publisher":"https:\/\/www.facebook.com\/Mesto-ilina-162541880519007","article_published_time":"2026-09-02T08:50:48+00:00","article_modified_time":"2026-09-03T07:42:02+00:00","og_image":[{"width":2560,"height":1072,"url":"https:\/\/kulturneleto.eu\/wp-content\/uploads\/2026\/09\/DPMZ_1-scaled-1.png","type":"image\/png"}],"author":"matus","twitter_card":"summary_large_image","twitter_misc":{"Written by":"matus","Estimated reading time":"1 minute"},"schema":{"@context":"https:\/\/schema.org","@graph":[{"@type":"Article","@id":"https:\/\/kulturneleto.eu\/2026\/miestecko-oziva-festival-hudby-a-tanca\/#article","isPartOf":{"@id":"https:\/\/kulturneleto.eu\/2026\/miestecko-oziva-festival-hudby-a-tanca\/"},"author":{"name":"matus","@id":"https:\/\/kulturneleto.eu\/#\/schema\/person\/08251513abeceb529336f9c3b9a5c7ab"},"headline":"Mieste\u010dko o\u017e\u00edva \u2013 Festival hudby a tanca","datePublished":"2026-09-02T08:50:48+00:00","dateModified":"2026-09-03T07:42:02+00:00","mainEntityOfPage":{"@id":"https:\/\/kulturneleto.eu\/2026\/miestecko-oziva-festival-hudby-a-tanca\/"},"wordCount":113,"publisher":{"@id":"https:\/\/kulturneleto.eu\/#organization"},"image":{"@id":"https:\/\/kulturneleto.eu\/2026\/miestecko-oziva-festival-hudby-a-tanca\/#primaryimage"},"thumbnailUrl":"https:\/\/kulturneleto.eu\/wp-content\/uploads\/2026\/09\/DPMZ_1-scaled-1.png","articleSection":["Novinky"],"inLanguage":"en-GB"},{"@type":"WebPage","@id":"https:\/\/kulturneleto.eu\/2026\/miestecko-oziva-festival-hudby-a-tanca\/","url":"https:\/\/kulturneleto.eu\/2026\/miestecko-oziva-festival-hudby-a-tanca\/","name":"Mieste\u010dko o\u017e\u00edva \u2013 Festival hudby a tanca - \u017dilinsk\u00e9 kult\u00farne leto 2026","isPartOf":{"@id":"https:\/\/kulturneleto.eu\/#website"},"primaryImageOfPage":{"@id":"https:\/\/kulturneleto.eu\/2026\/miestecko-oziva-festival-hudby-a-tanca\/#primaryimage"},"image":{"@id":"https:\/\/kulturneleto.eu\/2026\/miestecko-oziva-festival-hudby-a-tanca\/#primaryimage"},"thumbnailUrl":"https:\/\/kulturneleto.eu\/wp-content\/uploads\/2026\/09\/DPMZ_1-scaled-1.png","datePublished":"2026-09-02T08:50:48+00:00","dateModified":"2026-09-03T07:42:02+00:00","breadcrumb":{"@id":"https:\/\/kulturneleto.eu\/2026\/miestecko-oziva-festival-hudby-a-tanca\/#breadcrumb"},"inLanguage":"en-GB","potentialAction":[{"@type":"ReadAction","target":["https:\/\/kulturneleto.eu\/2026\/miestecko-oziva-festival-hudby-a-tanca\/"]}]},{"@type":"ImageObject","inLanguage":"en-GB","@id":"https:\/\/kulturneleto.eu\/2026\/miestecko-oziva-festival-hudby-a-tanca\/#primaryimage","url":"https:\/\/kulturneleto.eu\/wp-content\/uploads\/2026\/09\/DPMZ_1-scaled-1.png","contentUrl":"https:\/\/kulturneleto.eu\/wp-content\/uploads\/2026\/09\/DPMZ_1-scaled-1.png","width":2560,"height":1072},{"@type":"BreadcrumbList","@id":"https:\/\/kulturneleto.eu\/2026\/miestecko-oziva-festival-hudby-a-tanca\/#breadcrumb","itemListElement":[{"@type":"ListItem","position":1,"name":"Domovsk\u00e1 str\u00e1nka","item":"https:\/\/kulturneleto.eu\/"},{"@type":"ListItem","position":2,"name":"Mieste\u010dko o\u017e\u00edva \u2013 Festival hudby a tanca"}]},{"@type":"WebSite","@id":"https:\/\/kulturneleto.eu\/#website","url":"https:\/\/kulturneleto.eu\/","name":"\u017dilinsk\u00e9 kult\u00farne leto 2026","description":"j\u00fal, august, september","publisher":{"@id":"https:\/\/kulturneleto.eu\/#organization"},"potentialAction":[{"@type":"SearchAction","target":{"@type":"EntryPoint","urlTemplate":"https:\/\/kulturneleto.eu\/?s={search_term_string}"},"query-input":{"@type":"PropertyValueSpecification","valueRequired":true,"valueName":"search_term_string"}}],"inLanguage":"en-GB"},{"@type":"Organization","@id":"https:\/\/kulturneleto.eu\/#organization","name":"Kult\u00farne leto","url":"https:\/\/kulturneleto.eu\/","logo":{"@type":"ImageObject","inLanguage":"en-GB","@id":"https:\/\/kulturneleto.eu\/#\/schema\/logo\/image\/","url":"https:\/\/kulturneleto.eu\/wp-content\/uploads\/2022\/06\/logo_zkl_2022_orange.png","contentUrl":"https:\/\/kulturneleto.eu\/wp-content\/uploads\/2022\/06\/logo_zkl_2022_orange.png","width":330,"height":117,"caption":"Kult\u00farne leto"},"image":{"@id":"https:\/\/kulturneleto.eu\/#\/schema\/logo\/image\/"},"sameAs":["https:\/\/www.facebook.com\/Mesto-ilina-162541880519007","https:\/\/www.youtube.com\/channel\/UCfY6Cc8yEeMgTWAUW5QaGAw","https:\/\/www.instagram.com\/mestozilina\/?hl=sk"]},{"@type":"Person","@id":"https:\/\/kulturneleto.eu\/#\/schema\/person\/08251513abeceb529336f9c3b9a5c7ab","name":"matus","image":{"@type":"ImageObject","inLanguage":"en-GB","@id":"https:\/\/kulturneleto.eu\/wp-content\/litespeed\/avatar\/3a2cd69f439d2811c5ef569ca1dd384c.jpg?ver=1788388919","url":"https:\/\/kulturneleto.eu\/wp-content\/litespeed\/avatar\/3a2cd69f439d2811c5ef569ca1dd384c.jpg?ver=1788388919","contentUrl":"https:\/\/kulturneleto.eu\/wp-content\/litespeed\/avatar\/3a2cd69f439d2811c5ef569ca1dd384c.jpg?ver=1788388919","caption":"matus"}}]}},"_links":{"self":[{"href":"https:\/\/kulturneleto.eu\/en\/wp-json\/wp\/v2\/posts\/14633","targetHints":{"allow":["GET"]}}],"collection":[{"href":"https:\/\/kulturneleto.eu\/en\/wp-json\/wp\/v2\/posts"}],"about":[{"href":"https:\/\/kulturneleto.eu\/en\/wp-json\/wp\/v2\/types\/post"}],"author":[{"embeddable":true,"href":"https:\/\/kulturneleto.eu\/en\/wp-json\/wp\/v2\/users\/5"}],"replies":[{"embeddable":true,"href":"https:\/\/kulturneleto.eu\/en\/wp-json\/wp\/v2\/comments?post=14633"}],"version-history":[{"count":3,"href":"https:\/\/kulturneleto.eu\/en\/wp-json\/wp\/v2\/posts\/14633\/revisions"}],"predecessor-version":[{"id":14646,"href":"https:\/\/kulturneleto.eu\/en\/wp-json\/wp\/v2\/posts\/14633\/revisions\/14646"}],"wp:featuredmedia":[{"embeddable":true,"href":"https:\/\/kulturneleto.eu\/en\/wp-json\/wp\/v2\/media\/14634"}],"wp:attachment":[{"href":"https:\/\/kulturneleto.eu\/en\/wp-json\/wp\/v2\/media?parent=14633"}],"wp:term":[{"taxonomy":"category","embeddable":true,"href":"https:\/\/kulturneleto.eu\/en\/wp-json\/wp\/v2\/categories?post=14633"},{"taxonomy":"post_tag","embeddable":true,"href":"https:\/\/kulturneleto.eu\/en\/wp-json\/wp\/v2\/tags?post=14633"}],"curies":[{"name":"wp","href":"https:\/\/api.w.org\/{rel}","templated":true}]}}