{"id":2011,"date":"2022-07-13T11:12:46","date_gmt":"2022-07-13T09:12:46","guid":{"rendered":"https:\/\/kulturneleto.eu\/?p=2011"},"modified":"2024-06-06T10:35:52","modified_gmt":"2024-06-06T08:35:52","slug":"zilinske-kulturne-leto-laka-zaujimavym-programom","status":"publish","type":"post","link":"https:\/\/kulturneleto.eu\/en\/2022\/zilinske-kulturne-leto-laka-zaujimavym-programom\/","title":{"rendered":"\u017dilinsk\u00e9 kult\u00farne leto l\u00e1ka zauj\u00edmav\u00fdm programom"},"content":{"rendered":"<p><strong>\u017dilinsk\u00e9 kult\u00farne leto vr\u00e1tilo do na\u0161ich ul\u00edc, parkov a\u00a0na n\u00e1mestia kult\u00faru. U\u017e teraz sa m\u00f4\u017eu \u017dilin\u010dania \u010di n\u00e1v\u0161tevn\u00edci mesta te\u0161i\u0165 z r\u00f4znych kult\u00farnych, \u0161portov\u00fdch podujat\u00ed, divadeln\u00fdch predstaven\u00ed, premietan\u00ed filmov pod hol\u00fdm nebom, hudobn\u00fdch koncertov a festivalov. Program je rozmanit\u00fd a\u00a0mysl\u00ed na v\u0161etky vekov\u00e9 kateg\u00f3rie \u010di milovn\u00edkov r\u00f4znych hudobn\u00fdch i\u00a0umeleck\u00fdch \u017e\u00e1nrov.\u00a0\u00a0<\/strong><\/p>\n<p>Dnes 13. j\u00fala o\u00a016.30 hod. v\u00a0Sade SNP vyst\u00fapi Dychov\u00e1 hudba Brod\u0148anka v\u00a0r\u00e1mci podujatia Hudobn\u00e9 stredy. \u00a0O\u00a017.00 hod. je pre detsk\u00fdch div\u00e1kov v\u00a0Sade na Studni\u010dk\u00e1ch pripraven\u00e9 predstavenie Duo Kysel\u00ed Krastafci \u2013 Cirkus Naopak.\u00a0O\u00a021.30 hod. za\u010d\u00edna tradi\u010dn\u00e9 podujatie Ba\u017eant kinematograf, div\u00e1ci si pod hol\u00fdm nebom pozr\u00fa \u010desk\u00fd film Mimoriadna udalos\u0165.<\/p>\n<p>V\u00a0sobotu 16. j\u00fala za\u010d\u00edna Festival umenia ulice. N\u00e1v\u0161tevn\u00edci a okoloid\u00faci bud\u00fa m\u00f4c\u0165 sledova\u0165 proces tvorby viac ako 20 street art a\u00a0graffiti umelcov, ktor\u00ed bud\u00fa tvori\u0165 autorsk\u00e9 diela na v\u0161etk\u00fdch ploch\u00e1ch mostov\u00a0 na Ulici Matice slovenskej v \u017diline. S\u00eddlisko Vl\u010dince na jeden de\u0148 o\u017eije nielen farbami umelcov, ale aj hudbou a aktivitami pre deti a teenagerov, ktor\u00ed si bud\u00fa m\u00f4c\u0165 vysk\u00fa\u0161a\u0165 r\u00f4zne techniky ma\u013eby pod dozorom v\u00fdtvarn\u00edkov. Lokality realiz\u00e1cie bud\u00fa steny na Nanterskej ulici v \u017diline, na ktor\u00fdch mesto povolilo leg\u00e1lnu z\u00f3nu pre graffiti. V\u00fdsledkom bude open air gal\u00e9ria ve\u013ekoplo\u0161n\u00fdch malieb, ktor\u00e1 bude p\u00f4sobi\u0165 vizu\u00e1lne atrakt\u00edvne a spr\u00edjemn\u00ed prechod obyvate\u013eom s\u00eddliska. V s\u00fa\u010dasnosti na Ulici Matice slovenskej prebieha renov\u00e1cia mostov a v\u0161etk\u00fdch pri\u013eahl\u00fdch stien.<\/p>\n<p>S\u00a0mottom: \u201eRad\u0161ej raz sk\u00fasi\u0165 ako stokr\u00e1t po\u010du\u0165\u201c prines\u00fa od 18. do 22. j\u00fala Tvoriv\u00e9 remeseln\u00e9 dielne mno\u017estvo zauj\u00edmav\u00fdch aktiv\u00edt pre deti. Na Mari\u00e1nskom n\u00e1mest\u00ed si bud\u00fa m\u00f4c\u0165 od 10.00 do 18.00 hod. pozrie\u0165 \u0161ikovn\u00e9 ruky remeseln\u00edkov, ktor\u00ed udr\u017eiavaj\u00fa trad\u00edcie na\u0161ich predkov. Umeleck\u00ed remeseln\u00edci pribl\u00ed\u017eia pr\u00e1cu so \u0161\u00fapol\u00edm, c\u00ednom, voskom, hlinou i\u00a0zdobenie medovn\u00edkov. Zauj\u00edmavos\u0165ou bude br\u00fasenie krasl\u00edc \u010di plstenie. Podujatie si na\u0161lo svojich fan\u00fa\u0161ikov medzi de\u0165mi aj dospel\u00fdmi, predov\u0161etk\u00fdm mo\u017enos\u0165ou vysk\u00fa\u0161a\u0165 si jednotliv\u00e9 remesl\u00e1 a odnies\u0165 si spomienku vo forme vlastn\u00e9ho v\u00fdrobku\u00a0a\u00a0v\u00fdu\u010dn\u00fd list pre t\u00fdch, ktor\u00ed absolvuj\u00fa v\u0161etky remesl\u00e1.<\/p>\n<div id='gallery-1' class='gallery galleryid-2011 gallery-columns-3 gallery-size-medium'><figure class='gallery-item'>\n\t\t\t<div class='gallery-icon portrait'>\n\t\t\t\t<a href='https:\/\/kulturneleto.eu\/wp-content\/uploads\/2022\/07\/Bazant-kinematograf.png'><img fetchpriority=\"high\" decoding=\"async\" width=\"300\" height=\"300\" src=\"https:\/\/kulturneleto.eu\/wp-content\/uploads\/2022\/07\/Bazant-kinematograf-300x300.png\" class=\"attachment-medium size-medium\" alt=\"\" srcset=\"https:\/\/kulturneleto.eu\/wp-content\/uploads\/2022\/07\/Bazant-kinematograf-300x300.png 300w, https:\/\/kulturneleto.eu\/wp-content\/uploads\/2022\/07\/Bazant-kinematograf-150x150.png 150w\" sizes=\"(max-width: 300px) 100vw, 300px\" \/><\/a>\n\t\t\t<\/div><\/figure><figure class='gallery-item'>\n\t\t\t<div class='gallery-icon portrait'>\n\t\t\t\t<a href='https:\/\/kulturneleto.eu\/wp-content\/uploads\/2022\/07\/Festival-umenia-ulice-scaled.jpg'><img decoding=\"async\" width=\"300\" height=\"300\" src=\"https:\/\/kulturneleto.eu\/wp-content\/uploads\/2022\/07\/Festival-umenia-ulice-300x300.jpg\" class=\"attachment-medium size-medium\" alt=\"\" srcset=\"https:\/\/kulturneleto.eu\/wp-content\/uploads\/2022\/07\/Festival-umenia-ulice-300x300.jpg 300w, https:\/\/kulturneleto.eu\/wp-content\/uploads\/2022\/07\/Festival-umenia-ulice-150x150.jpg 150w\" sizes=\"(max-width: 300px) 100vw, 300px\" \/><\/a>\n\t\t\t<\/div><\/figure><figure class='gallery-item'>\n\t\t\t<div class='gallery-icon portrait'>\n\t\t\t\t<a href='https:\/\/kulturneleto.eu\/wp-content\/uploads\/2022\/07\/Tvorive-remeselne-dielne.png'><img decoding=\"async\" width=\"300\" height=\"300\" src=\"https:\/\/kulturneleto.eu\/wp-content\/uploads\/2022\/07\/Tvorive-remeselne-dielne-300x300.png\" class=\"attachment-medium size-medium\" alt=\"\" srcset=\"https:\/\/kulturneleto.eu\/wp-content\/uploads\/2022\/07\/Tvorive-remeselne-dielne-300x300.png 300w, https:\/\/kulturneleto.eu\/wp-content\/uploads\/2022\/07\/Tvorive-remeselne-dielne-150x150.png 150w\" sizes=\"(max-width: 300px) 100vw, 300px\" \/><\/a>\n\t\t\t<\/div><\/figure>\n\t\t<\/div>","protected":false},"excerpt":{"rendered":"<p>\u017dilinsk\u00e9 kult\u00farne leto vr\u00e1tilo do na\u0161ich ul\u00edc, parkov a\u00a0na n\u00e1mestia kult\u00faru. U\u017e teraz sa m\u00f4\u017eu \u017dilin\u010dania \u010di n\u00e1v\u0161tevn\u00edci mesta te\u0161i\u0165 z r\u00f4znych kult\u00farnych, \u0161portov\u00fdch podujat\u00ed, divadeln\u00fdch predstaven\u00ed, premietan\u00ed filmov pod hol\u00fdm nebom, hudobn\u00fdch koncertov a festivalov. Program je rozmanit\u00fd a\u00a0mysl\u00ed na v\u0161etky vekov\u00e9 kateg\u00f3rie \u010di milovn\u00edkov r\u00f4znych hudobn\u00fdch i\u00a0umeleck\u00fdch \u017e\u00e1nrov.\u00a0\u00a0 Dnes 13. j\u00fala o\u00a016.30 hod. [&hellip;]<\/p>\n","protected":false},"author":1,"featured_media":2014,"comment_status":"closed","ping_status":"closed","sticky":false,"template":"","format":"standard","meta":{"footnotes":""},"categories":[47],"tags":[],"class_list":["post-2011","post","type-post","status-publish","format-standard","has-post-thumbnail","hentry","category-rok-2022"],"yoast_head":"<!-- This site is optimized with the Yoast SEO plugin v27.1.1 - https:\/\/yoast.com\/product\/yoast-seo-wordpress\/ -->\n<title>\u017dilinsk\u00e9 kult\u00farne leto l\u00e1ka zauj\u00edmav\u00fdm programom - \u017dilinsk\u00e9 kult\u00farne leto 2025<\/title>\n<meta name=\"robots\" content=\"index, follow, max-snippet:-1, max-image-preview:large, max-video-preview:-1\" \/>\n<link rel=\"canonical\" href=\"https:\/\/kulturneleto.eu\/en\/2022\/zilinske-kulturne-leto-laka-zaujimavym-programom\/\" \/>\n<meta property=\"og:locale\" content=\"en_US\" \/>\n<meta property=\"og:type\" content=\"article\" \/>\n<meta property=\"og:title\" content=\"\u017dilinsk\u00e9 kult\u00farne leto l\u00e1ka zauj\u00edmav\u00fdm programom - \u017dilinsk\u00e9 kult\u00farne leto 2025\" \/>\n<meta property=\"og:description\" content=\"\u017dilinsk\u00e9 kult\u00farne leto vr\u00e1tilo do na\u0161ich ul\u00edc, parkov a\u00a0na n\u00e1mestia kult\u00faru. U\u017e teraz sa m\u00f4\u017eu \u017dilin\u010dania \u010di n\u00e1v\u0161tevn\u00edci mesta te\u0161i\u0165 z r\u00f4znych kult\u00farnych, \u0161portov\u00fdch podujat\u00ed, divadeln\u00fdch predstaven\u00ed, premietan\u00ed filmov pod hol\u00fdm nebom, hudobn\u00fdch koncertov a festivalov. Program je rozmanit\u00fd a\u00a0mysl\u00ed na v\u0161etky vekov\u00e9 kateg\u00f3rie \u010di milovn\u00edkov r\u00f4znych hudobn\u00fdch i\u00a0umeleck\u00fdch \u017e\u00e1nrov.\u00a0\u00a0 Dnes 13. j\u00fala o\u00a016.30 hod. [&hellip;]\" \/>\n<meta property=\"og:url\" content=\"https:\/\/kulturneleto.eu\/en\/2022\/zilinske-kulturne-leto-laka-zaujimavym-programom\/\" \/>\n<meta property=\"og:site_name\" content=\"\u017dilinsk\u00e9 kult\u00farne leto 2025\" \/>\n<meta property=\"article:publisher\" content=\"https:\/\/www.facebook.com\/Mesto-ilina-162541880519007\" \/>\n<meta property=\"article:published_time\" content=\"2022-07-13T09:12:46+00:00\" \/>\n<meta property=\"article:modified_time\" content=\"2024-06-06T08:35:52+00:00\" \/>\n<meta property=\"og:image\" content=\"https:\/\/kulturneleto.eu\/wp-content\/uploads\/2022\/07\/Tvorive-remeselne-dielne-735x1024.png\" \/>\n\t<meta property=\"og:image:width\" content=\"735\" \/>\n\t<meta property=\"og:image:height\" content=\"1024\" \/>\n\t<meta property=\"og:image:type\" content=\"image\/png\" \/>\n<meta name=\"author\" content=\"libor\" \/>\n<meta name=\"twitter:card\" content=\"summary_large_image\" \/>\n<meta name=\"twitter:label1\" content=\"Written by\" \/>\n\t<meta name=\"twitter:data1\" content=\"libor\" \/>\n\t<meta name=\"twitter:label2\" content=\"Est. reading time\" \/>\n\t<meta name=\"twitter:data2\" content=\"2 minutes\" \/>\n<script type=\"application\/ld+json\" class=\"yoast-schema-graph\">{\"@context\":\"https:\/\/schema.org\",\"@graph\":[{\"@type\":\"Article\",\"@id\":\"https:\/\/kulturneleto.eu\/2022\/zilinske-kulturne-leto-laka-zaujimavym-programom\/#article\",\"isPartOf\":{\"@id\":\"https:\/\/kulturneleto.eu\/2022\/zilinske-kulturne-leto-laka-zaujimavym-programom\/\"},\"author\":{\"name\":\"libor\",\"@id\":\"https:\/\/kulturneleto.eu\/#\/schema\/person\/2fe312c0eb14ea83a3a0ecd0b5dda7e9\"},\"headline\":\"\u017dilinsk\u00e9 kult\u00farne leto l\u00e1ka zauj\u00edmav\u00fdm programom\",\"datePublished\":\"2022-07-13T09:12:46+00:00\",\"dateModified\":\"2024-06-06T08:35:52+00:00\",\"mainEntityOfPage\":{\"@id\":\"https:\/\/kulturneleto.eu\/2022\/zilinske-kulturne-leto-laka-zaujimavym-programom\/\"},\"wordCount\":438,\"publisher\":{\"@id\":\"https:\/\/kulturneleto.eu\/#organization\"},\"image\":{\"@id\":\"https:\/\/kulturneleto.eu\/2022\/zilinske-kulturne-leto-laka-zaujimavym-programom\/#primaryimage\"},\"thumbnailUrl\":\"https:\/\/kulturneleto.eu\/wp-content\/uploads\/2022\/07\/Tvorive-remeselne-dielne.png\",\"articleSection\":[\"rok 2022\"],\"inLanguage\":\"en-US\"},{\"@type\":\"WebPage\",\"@id\":\"https:\/\/kulturneleto.eu\/2022\/zilinske-kulturne-leto-laka-zaujimavym-programom\/\",\"url\":\"https:\/\/kulturneleto.eu\/2022\/zilinske-kulturne-leto-laka-zaujimavym-programom\/\",\"name\":\"\u017dilinsk\u00e9 kult\u00farne leto l\u00e1ka zauj\u00edmav\u00fdm programom - \u017dilinsk\u00e9 kult\u00farne leto 2025\",\"isPartOf\":{\"@id\":\"https:\/\/kulturneleto.eu\/#website\"},\"primaryImageOfPage\":{\"@id\":\"https:\/\/kulturneleto.eu\/2022\/zilinske-kulturne-leto-laka-zaujimavym-programom\/#primaryimage\"},\"image\":{\"@id\":\"https:\/\/kulturneleto.eu\/2022\/zilinske-kulturne-leto-laka-zaujimavym-programom\/#primaryimage\"},\"thumbnailUrl\":\"https:\/\/kulturneleto.eu\/wp-content\/uploads\/2022\/07\/Tvorive-remeselne-dielne.png\",\"datePublished\":\"2022-07-13T09:12:46+00:00\",\"dateModified\":\"2024-06-06T08:35:52+00:00\",\"breadcrumb\":{\"@id\":\"https:\/\/kulturneleto.eu\/2022\/zilinske-kulturne-leto-laka-zaujimavym-programom\/#breadcrumb\"},\"inLanguage\":\"en-US\",\"potentialAction\":[{\"@type\":\"ReadAction\",\"target\":[\"https:\/\/kulturneleto.eu\/2022\/zilinske-kulturne-leto-laka-zaujimavym-programom\/\"]}]},{\"@type\":\"ImageObject\",\"inLanguage\":\"en-US\",\"@id\":\"https:\/\/kulturneleto.eu\/2022\/zilinske-kulturne-leto-laka-zaujimavym-programom\/#primaryimage\",\"url\":\"https:\/\/kulturneleto.eu\/wp-content\/uploads\/2022\/07\/Tvorive-remeselne-dielne.png\",\"contentUrl\":\"https:\/\/kulturneleto.eu\/wp-content\/uploads\/2022\/07\/Tvorive-remeselne-dielne.png\",\"width\":2618,\"height\":3646},{\"@type\":\"BreadcrumbList\",\"@id\":\"https:\/\/kulturneleto.eu\/2022\/zilinske-kulturne-leto-laka-zaujimavym-programom\/#breadcrumb\",\"itemListElement\":[{\"@type\":\"ListItem\",\"position\":1,\"name\":\"Domovsk\u00e1 str\u00e1nka\",\"item\":\"https:\/\/kulturneleto.eu\/\"},{\"@type\":\"ListItem\",\"position\":2,\"name\":\"\u017dilinsk\u00e9 kult\u00farne leto l\u00e1ka zauj\u00edmav\u00fdm programom\"}]},{\"@type\":\"WebSite\",\"@id\":\"https:\/\/kulturneleto.eu\/#website\",\"url\":\"https:\/\/kulturneleto.eu\/\",\"name\":\"\u017dilinsk\u00e9 kult\u00farne leto 2025\",\"description\":\"j\u00fal, august, september\",\"publisher\":{\"@id\":\"https:\/\/kulturneleto.eu\/#organization\"},\"potentialAction\":[{\"@type\":\"SearchAction\",\"target\":{\"@type\":\"EntryPoint\",\"urlTemplate\":\"https:\/\/kulturneleto.eu\/?s={search_term_string}\"},\"query-input\":{\"@type\":\"PropertyValueSpecification\",\"valueRequired\":true,\"valueName\":\"search_term_string\"}}],\"inLanguage\":\"en-US\"},{\"@type\":\"Organization\",\"@id\":\"https:\/\/kulturneleto.eu\/#organization\",\"name\":\"Kult\u00farne leto\",\"url\":\"https:\/\/kulturneleto.eu\/\",\"logo\":{\"@type\":\"ImageObject\",\"inLanguage\":\"en-US\",\"@id\":\"https:\/\/kulturneleto.eu\/#\/schema\/logo\/image\/\",\"url\":\"https:\/\/kulturneleto.eu\/wp-content\/uploads\/2022\/06\/logo_zkl_2022_orange.png\",\"contentUrl\":\"https:\/\/kulturneleto.eu\/wp-content\/uploads\/2022\/06\/logo_zkl_2022_orange.png\",\"width\":330,\"height\":117,\"caption\":\"Kult\u00farne leto\"},\"image\":{\"@id\":\"https:\/\/kulturneleto.eu\/#\/schema\/logo\/image\/\"},\"sameAs\":[\"https:\/\/www.facebook.com\/Mesto-ilina-162541880519007\",\"https:\/\/www.youtube.com\/channel\/UCfY6Cc8yEeMgTWAUW5QaGAw\",\"https:\/\/www.instagram.com\/mestozilina\/?hl=sk\"]},{\"@type\":\"Person\",\"@id\":\"https:\/\/kulturneleto.eu\/#\/schema\/person\/2fe312c0eb14ea83a3a0ecd0b5dda7e9\",\"name\":\"libor\",\"image\":{\"@type\":\"ImageObject\",\"inLanguage\":\"en-US\",\"@id\":\"https:\/\/kulturneleto.eu\/#\/schema\/person\/image\/\",\"url\":\"https:\/\/secure.gravatar.com\/avatar\/8066e1c61587bfe9db34239dbd4afa416626d4edfb66d950b238bf6f018cee3b?s=96&d=mm&r=g\",\"contentUrl\":\"https:\/\/secure.gravatar.com\/avatar\/8066e1c61587bfe9db34239dbd4afa416626d4edfb66d950b238bf6f018cee3b?s=96&d=mm&r=g\",\"caption\":\"libor\"},\"sameAs\":[\"https:\/\/kulturneleto.eu\"]}]}<\/script>\n<!-- \/ Yoast SEO plugin. -->","yoast_head_json":{"title":"\u017dilinsk\u00e9 kult\u00farne leto l\u00e1ka zauj\u00edmav\u00fdm programom - \u017dilinsk\u00e9 kult\u00farne leto 2025","robots":{"index":"index","follow":"follow","max-snippet":"max-snippet:-1","max-image-preview":"max-image-preview:large","max-video-preview":"max-video-preview:-1"},"canonical":"https:\/\/kulturneleto.eu\/en\/2022\/zilinske-kulturne-leto-laka-zaujimavym-programom\/","og_locale":"en_US","og_type":"article","og_title":"\u017dilinsk\u00e9 kult\u00farne leto l\u00e1ka zauj\u00edmav\u00fdm programom - \u017dilinsk\u00e9 kult\u00farne leto 2025","og_description":"\u017dilinsk\u00e9 kult\u00farne leto vr\u00e1tilo do na\u0161ich ul\u00edc, parkov a\u00a0na n\u00e1mestia kult\u00faru. U\u017e teraz sa m\u00f4\u017eu \u017dilin\u010dania \u010di n\u00e1v\u0161tevn\u00edci mesta te\u0161i\u0165 z r\u00f4znych kult\u00farnych, \u0161portov\u00fdch podujat\u00ed, divadeln\u00fdch predstaven\u00ed, premietan\u00ed filmov pod hol\u00fdm nebom, hudobn\u00fdch koncertov a festivalov. Program je rozmanit\u00fd a\u00a0mysl\u00ed na v\u0161etky vekov\u00e9 kateg\u00f3rie \u010di milovn\u00edkov r\u00f4znych hudobn\u00fdch i\u00a0umeleck\u00fdch \u017e\u00e1nrov.\u00a0\u00a0 Dnes 13. j\u00fala o\u00a016.30 hod. [&hellip;]","og_url":"https:\/\/kulturneleto.eu\/en\/2022\/zilinske-kulturne-leto-laka-zaujimavym-programom\/","og_site_name":"\u017dilinsk\u00e9 kult\u00farne leto 2025","article_publisher":"https:\/\/www.facebook.com\/Mesto-ilina-162541880519007","article_published_time":"2022-07-13T09:12:46+00:00","article_modified_time":"2024-06-06T08:35:52+00:00","og_image":[{"width":735,"height":1024,"url":"https:\/\/kulturneleto.eu\/wp-content\/uploads\/2022\/07\/Tvorive-remeselne-dielne-735x1024.png","type":"image\/png"}],"author":"libor","twitter_card":"summary_large_image","twitter_misc":{"Written by":"libor","Est. reading time":"2 minutes"},"schema":{"@context":"https:\/\/schema.org","@graph":[{"@type":"Article","@id":"https:\/\/kulturneleto.eu\/2022\/zilinske-kulturne-leto-laka-zaujimavym-programom\/#article","isPartOf":{"@id":"https:\/\/kulturneleto.eu\/2022\/zilinske-kulturne-leto-laka-zaujimavym-programom\/"},"author":{"name":"libor","@id":"https:\/\/kulturneleto.eu\/#\/schema\/person\/2fe312c0eb14ea83a3a0ecd0b5dda7e9"},"headline":"\u017dilinsk\u00e9 kult\u00farne leto l\u00e1ka zauj\u00edmav\u00fdm programom","datePublished":"2022-07-13T09:12:46+00:00","dateModified":"2024-06-06T08:35:52+00:00","mainEntityOfPage":{"@id":"https:\/\/kulturneleto.eu\/2022\/zilinske-kulturne-leto-laka-zaujimavym-programom\/"},"wordCount":438,"publisher":{"@id":"https:\/\/kulturneleto.eu\/#organization"},"image":{"@id":"https:\/\/kulturneleto.eu\/2022\/zilinske-kulturne-leto-laka-zaujimavym-programom\/#primaryimage"},"thumbnailUrl":"https:\/\/kulturneleto.eu\/wp-content\/uploads\/2022\/07\/Tvorive-remeselne-dielne.png","articleSection":["rok 2022"],"inLanguage":"en-US"},{"@type":"WebPage","@id":"https:\/\/kulturneleto.eu\/2022\/zilinske-kulturne-leto-laka-zaujimavym-programom\/","url":"https:\/\/kulturneleto.eu\/2022\/zilinske-kulturne-leto-laka-zaujimavym-programom\/","name":"\u017dilinsk\u00e9 kult\u00farne leto l\u00e1ka zauj\u00edmav\u00fdm programom - \u017dilinsk\u00e9 kult\u00farne leto 2025","isPartOf":{"@id":"https:\/\/kulturneleto.eu\/#website"},"primaryImageOfPage":{"@id":"https:\/\/kulturneleto.eu\/2022\/zilinske-kulturne-leto-laka-zaujimavym-programom\/#primaryimage"},"image":{"@id":"https:\/\/kulturneleto.eu\/2022\/zilinske-kulturne-leto-laka-zaujimavym-programom\/#primaryimage"},"thumbnailUrl":"https:\/\/kulturneleto.eu\/wp-content\/uploads\/2022\/07\/Tvorive-remeselne-dielne.png","datePublished":"2022-07-13T09:12:46+00:00","dateModified":"2024-06-06T08:35:52+00:00","breadcrumb":{"@id":"https:\/\/kulturneleto.eu\/2022\/zilinske-kulturne-leto-laka-zaujimavym-programom\/#breadcrumb"},"inLanguage":"en-US","potentialAction":[{"@type":"ReadAction","target":["https:\/\/kulturneleto.eu\/2022\/zilinske-kulturne-leto-laka-zaujimavym-programom\/"]}]},{"@type":"ImageObject","inLanguage":"en-US","@id":"https:\/\/kulturneleto.eu\/2022\/zilinske-kulturne-leto-laka-zaujimavym-programom\/#primaryimage","url":"https:\/\/kulturneleto.eu\/wp-content\/uploads\/2022\/07\/Tvorive-remeselne-dielne.png","contentUrl":"https:\/\/kulturneleto.eu\/wp-content\/uploads\/2022\/07\/Tvorive-remeselne-dielne.png","width":2618,"height":3646},{"@type":"BreadcrumbList","@id":"https:\/\/kulturneleto.eu\/2022\/zilinske-kulturne-leto-laka-zaujimavym-programom\/#breadcrumb","itemListElement":[{"@type":"ListItem","position":1,"name":"Domovsk\u00e1 str\u00e1nka","item":"https:\/\/kulturneleto.eu\/"},{"@type":"ListItem","position":2,"name":"\u017dilinsk\u00e9 kult\u00farne leto l\u00e1ka zauj\u00edmav\u00fdm programom"}]},{"@type":"WebSite","@id":"https:\/\/kulturneleto.eu\/#website","url":"https:\/\/kulturneleto.eu\/","name":"\u017dilinsk\u00e9 kult\u00farne leto 2025","description":"j\u00fal, august, september","publisher":{"@id":"https:\/\/kulturneleto.eu\/#organization"},"potentialAction":[{"@type":"SearchAction","target":{"@type":"EntryPoint","urlTemplate":"https:\/\/kulturneleto.eu\/?s={search_term_string}"},"query-input":{"@type":"PropertyValueSpecification","valueRequired":true,"valueName":"search_term_string"}}],"inLanguage":"en-US"},{"@type":"Organization","@id":"https:\/\/kulturneleto.eu\/#organization","name":"Kult\u00farne leto","url":"https:\/\/kulturneleto.eu\/","logo":{"@type":"ImageObject","inLanguage":"en-US","@id":"https:\/\/kulturneleto.eu\/#\/schema\/logo\/image\/","url":"https:\/\/kulturneleto.eu\/wp-content\/uploads\/2022\/06\/logo_zkl_2022_orange.png","contentUrl":"https:\/\/kulturneleto.eu\/wp-content\/uploads\/2022\/06\/logo_zkl_2022_orange.png","width":330,"height":117,"caption":"Kult\u00farne leto"},"image":{"@id":"https:\/\/kulturneleto.eu\/#\/schema\/logo\/image\/"},"sameAs":["https:\/\/www.facebook.com\/Mesto-ilina-162541880519007","https:\/\/www.youtube.com\/channel\/UCfY6Cc8yEeMgTWAUW5QaGAw","https:\/\/www.instagram.com\/mestozilina\/?hl=sk"]},{"@type":"Person","@id":"https:\/\/kulturneleto.eu\/#\/schema\/person\/2fe312c0eb14ea83a3a0ecd0b5dda7e9","name":"libor","image":{"@type":"ImageObject","inLanguage":"en-US","@id":"https:\/\/kulturneleto.eu\/#\/schema\/person\/image\/","url":"https:\/\/secure.gravatar.com\/avatar\/8066e1c61587bfe9db34239dbd4afa416626d4edfb66d950b238bf6f018cee3b?s=96&d=mm&r=g","contentUrl":"https:\/\/secure.gravatar.com\/avatar\/8066e1c61587bfe9db34239dbd4afa416626d4edfb66d950b238bf6f018cee3b?s=96&d=mm&r=g","caption":"libor"},"sameAs":["https:\/\/kulturneleto.eu"]}]}},"_links":{"self":[{"href":"https:\/\/kulturneleto.eu\/en\/wp-json\/wp\/v2\/posts\/2011","targetHints":{"allow":["GET"]}}],"collection":[{"href":"https:\/\/kulturneleto.eu\/en\/wp-json\/wp\/v2\/posts"}],"about":[{"href":"https:\/\/kulturneleto.eu\/en\/wp-json\/wp\/v2\/types\/post"}],"author":[{"embeddable":true,"href":"https:\/\/kulturneleto.eu\/en\/wp-json\/wp\/v2\/users\/1"}],"replies":[{"embeddable":true,"href":"https:\/\/kulturneleto.eu\/en\/wp-json\/wp\/v2\/comments?post=2011"}],"version-history":[{"count":1,"href":"https:\/\/kulturneleto.eu\/en\/wp-json\/wp\/v2\/posts\/2011\/revisions"}],"predecessor-version":[{"id":2015,"href":"https:\/\/kulturneleto.eu\/en\/wp-json\/wp\/v2\/posts\/2011\/revisions\/2015"}],"wp:featuredmedia":[{"embeddable":true,"href":"https:\/\/kulturneleto.eu\/en\/wp-json\/wp\/v2\/media\/2014"}],"wp:attachment":[{"href":"https:\/\/kulturneleto.eu\/en\/wp-json\/wp\/v2\/media?parent=2011"}],"wp:term":[{"taxonomy":"category","embeddable":true,"href":"https:\/\/kulturneleto.eu\/en\/wp-json\/wp\/v2\/categories?post=2011"},{"taxonomy":"post_tag","embeddable":true,"href":"https:\/\/kulturneleto.eu\/en\/wp-json\/wp\/v2\/tags?post=2011"}],"curies":[{"name":"wp","href":"https:\/\/api.w.org\/{rel}","templated":true}]}}