{"id":9865,"date":"2024-08-15T09:12:26","date_gmt":"2024-08-15T07:12:26","guid":{"rendered":"https:\/\/kulturneleto.eu\/?p=9865"},"modified":"2024-08-15T09:13:20","modified_gmt":"2024-08-15T07:13:20","slug":"zilinske-kulturne-leto-pokracuje-pestrym-programom","status":"publish","type":"post","link":"https:\/\/kulturneleto.eu\/en\/2024\/zilinske-kulturne-leto-pokracuje-pestrym-programom\/","title":{"rendered":"\u017dilinsk\u00e9 kult\u00farne leto pokra\u010duje pestr\u00fdm programom"},"content":{"rendered":"<p><strong>Kult\u00farne leto v\u00a0\u017diline e\u0161te nekon\u010d\u00ed, posledn\u00e9 j\u00falov\u00e9 dni prines\u00fa do \u017diliny \u010fal\u0161ie kvalitn\u00e9 podujatia. Uplynul\u00fd v\u00edkend sa are\u00e1l Budat\u00ednskeho hradu niesol v\u00a0duchu rodinn\u00e9ho rozpr\u00e1vkov\u00e9ho festivalu Dra\u010die dni, na futbalovom ihrisku v\u00a0B\u00e1novej sa stretli a\u00a0zabavili B\u00e1nov\u010dania na podujat\u00ed Susedsk\u00fd de\u0148 a\u00a0Tr\u017enica o\u017eila letn\u00fdm swapom.<\/strong><\/p>\n<p>&nbsp;<\/p>\n<p>Jedine\u010dn\u00fd program je pripraven\u00fd aj na tento piatok (26.\u00a07.), kedy sa \u017eilinsk\u00e9 Mari\u00e1nske n\u00e1mestie vr\u00e1ti do minulosti a\u00a0o\u017eije v\u00a0porad\u00ed u\u017e \u0161estn\u00e1stym ro\u010dn\u00edkom ob\u013e\u00faben\u00e9ho Stredovek\u00e9ho d\u0148a. N\u00e1v\u0161tevn\u00edci sa aj tento rok m\u00f4\u017eu te\u0161i\u0165 na dobov\u00e9 remesl\u00e1, jarmok, stredovek\u00fd t\u00e1bor,\u00a0historick\u00fa lukostre\u013ebu, sokoliarov a\u00a0ve\u013ea \u010fal\u0161\u00edch zauj\u00edmavost\u00ed. Nad\u0161enci futbalu si zase pr\u00eddu na svoje v\u00a0sobotu 27.\u00a0j\u00fala 2024 na futbalovom ihrisku v\u00a0Byt\u010dici. Miestny futbalov\u00fd klub si pri pr\u00edle\u017eitosti st\u00e9ho v\u00fdro\u010dia futbalu v\u00a0mestskej \u010dasti Byt\u010dica pripravil pre div\u00e1kov zauj\u00edmav\u00e9 popoludnie. Proti sebe sa postavia star\u00ed p\u00e1ni z\u00a0TJ Tatran Byt\u010dica, ktor\u00ed vyzv\u00fa na s\u00faboj rovesn\u00edkov z\u00a0M\u0160K \u017dilina.<\/p>\n<p>&nbsp;<\/p>\n<p>Aj nasleduj\u00faci mesiac na n\u00e1s \u010dak\u00e1 viacero zauj\u00edmav\u00fdch podujat\u00ed. Druh\u00fd augustov\u00fd v\u00edkend (7. \u2013 9.\u00a0august) bude patri\u0165 premietaniu filmov pod hol\u00fdm nebom v\u00a0r\u00e1mci podujatia Kinematograf. \u017dilin\u010dania sa m\u00f4\u017eu po\u010das troch dn\u00ed te\u0161i\u0165 na tri filmov\u00e9 novinky slovenskej a\u00a0\u010deskej produkcie. Kvalitn\u00fa slovensk\u00fa aj zahrani\u010dn\u00fa d\u017eezov\u00fa hudbu pon\u00fakne \u017eilinsk\u00fd Jazz wine festival 16.\u00a0a\u00a017.\u00a0augusta na Mari\u00e1nskom n\u00e1mest\u00ed. O\u00a0t\u00fd\u017ede\u0148 nesk\u00f4r sa uskuto\u010dn\u00ed u\u017e tradi\u010dn\u00fd folkl\u00f3rny festival Do\u017einky. N\u00e1v\u0161tevn\u00edkov \u010dak\u00e1 bohat\u00fd kult\u00farny program, krojovan\u00fd sprievod mestom a\u00a0\u013eudov\u00e9 v\u00fdrobky od r\u00f4znych remeseln\u00edkov. Z\u00e1ver pr\u00e1zdnin bude patri\u0165 v\u00e1\u017enej hudbe. \u0160t\u00e1tny komorn\u00fd orchester (\u0160KO) \u00a0sa predstav\u00ed pri pr\u00edle\u017eitosti 80.\u00a0v\u00fdro\u010dia SNP so \u0161peci\u00e1lne pripraven\u00fdm programom pod veden\u00edm Franti\u0161ka Maceka, \u0161\u00e9fdirigenta \u0160KO \u017dilina.<\/p>\n<p>&nbsp;<\/p>\n<p>Po\u010das nasleduj\u00facich \u0161iestich t\u00fd\u017ed\u0148ov pokra\u010duj\u00fa i\u00a0\u010fal\u0161ie tradi\u010dn\u00e9 podujatia \u017dilinsk\u00e9ho kult\u00farneho leta. Ka\u017ed\u00fa stredu je v\u00a0Sade SNP pripraven\u00fd hudobn\u00fd, filmov\u00fd alebo kult\u00farny program. Sad na Studni\u010dk\u00e1ch sa zase ka\u017ed\u00fa stredu premen\u00ed na detsk\u00e9 divadlo. \u017dilinsk\u00e1 radnica navy\u0161e prich\u00e1dza tento rok s\u00a0novinkou. Po\u00a0prv\u00fdkr\u00e1t sa detsk\u00e9 divadeln\u00e9 predstavenia tlmo\u010dia do posunkovej re\u010di, \u010d\u00edm sa vytv\u00e1ra priestor pre z\u00e1bavu aj pre deti so sluchov\u00fdm postihnut\u00edm.<\/p>\n<p><a href=\"https:\/\/kulturneleto.eu\/wp-content\/uploads\/2024\/08\/Kulturne_leto_2024_program_A2_august-scaled.jpg\"><img fetchpriority=\"high\" decoding=\"async\" class=\"alignnone size-full wp-image-9866\" src=\"https:\/\/kulturneleto.eu\/wp-content\/uploads\/2024\/08\/Kulturne_leto_2024_program_A2_august-scaled.jpg\" alt=\"\" width=\"1810\" height=\"2560\" srcset=\"https:\/\/kulturneleto.eu\/wp-content\/uploads\/2024\/08\/Kulturne_leto_2024_program_A2_august-scaled.jpg 1810w, https:\/\/kulturneleto.eu\/wp-content\/uploads\/2024\/08\/Kulturne_leto_2024_program_A2_august-724x1024.jpg 724w, https:\/\/kulturneleto.eu\/wp-content\/uploads\/2024\/08\/Kulturne_leto_2024_program_A2_august-768x1086.jpg 768w, https:\/\/kulturneleto.eu\/wp-content\/uploads\/2024\/08\/Kulturne_leto_2024_program_A2_august-1086x1536.jpg 1086w, https:\/\/kulturneleto.eu\/wp-content\/uploads\/2024\/08\/Kulturne_leto_2024_program_A2_august-1448x2048.jpg 1448w\" sizes=\"(max-width: 1810px) 100vw, 1810px\" \/><\/a><\/p>","protected":false},"excerpt":{"rendered":"<p>Kult\u00farne leto v\u00a0\u017diline e\u0161te nekon\u010d\u00ed, posledn\u00e9 j\u00falov\u00e9 dni prines\u00fa do \u017diliny \u010fal\u0161ie kvalitn\u00e9 podujatia. Uplynul\u00fd v\u00edkend sa are\u00e1l Budat\u00ednskeho hradu niesol v\u00a0duchu rodinn\u00e9ho rozpr\u00e1vkov\u00e9ho festivalu Dra\u010die dni, na futbalovom ihrisku v\u00a0B\u00e1novej sa stretli a\u00a0zabavili B\u00e1nov\u010dania na podujat\u00ed Susedsk\u00fd de\u0148 a\u00a0Tr\u017enica o\u017eila letn\u00fdm swapom. &nbsp; Jedine\u010dn\u00fd program je pripraven\u00fd aj na tento piatok (26.\u00a07.), kedy sa [&hellip;]<\/p>\n","protected":false},"author":1,"featured_media":9866,"comment_status":"closed","ping_status":"closed","sticky":false,"template":"","format":"standard","meta":{"footnotes":""},"categories":[98],"tags":[],"class_list":["post-9865","post","type-post","status-publish","format-standard","has-post-thumbnail","hentry","category-rok-2024"],"yoast_head":"<!-- This site is optimized with the Yoast SEO plugin v27.1.1 - https:\/\/yoast.com\/product\/yoast-seo-wordpress\/ -->\n<title>\u017dilinsk\u00e9 kult\u00farne leto pokra\u010duje pestr\u00fdm programom - \u017dilinsk\u00e9 kult\u00farne leto 2025<\/title>\n<meta name=\"robots\" content=\"index, follow, max-snippet:-1, max-image-preview:large, max-video-preview:-1\" \/>\n<link rel=\"canonical\" href=\"https:\/\/kulturneleto.eu\/en\/2024\/zilinske-kulturne-leto-pokracuje-pestrym-programom\/\" \/>\n<meta property=\"og:locale\" content=\"en_US\" \/>\n<meta property=\"og:type\" content=\"article\" \/>\n<meta property=\"og:title\" content=\"\u017dilinsk\u00e9 kult\u00farne leto pokra\u010duje pestr\u00fdm programom - \u017dilinsk\u00e9 kult\u00farne leto 2025\" \/>\n<meta property=\"og:description\" content=\"Kult\u00farne leto v\u00a0\u017diline e\u0161te nekon\u010d\u00ed, posledn\u00e9 j\u00falov\u00e9 dni prines\u00fa do \u017diliny \u010fal\u0161ie kvalitn\u00e9 podujatia. Uplynul\u00fd v\u00edkend sa are\u00e1l Budat\u00ednskeho hradu niesol v\u00a0duchu rodinn\u00e9ho rozpr\u00e1vkov\u00e9ho festivalu Dra\u010die dni, na futbalovom ihrisku v\u00a0B\u00e1novej sa stretli a\u00a0zabavili B\u00e1nov\u010dania na podujat\u00ed Susedsk\u00fd de\u0148 a\u00a0Tr\u017enica o\u017eila letn\u00fdm swapom. &nbsp; Jedine\u010dn\u00fd program je pripraven\u00fd aj na tento piatok (26.\u00a07.), kedy sa [&hellip;]\" \/>\n<meta property=\"og:url\" content=\"https:\/\/kulturneleto.eu\/en\/2024\/zilinske-kulturne-leto-pokracuje-pestrym-programom\/\" \/>\n<meta property=\"og:site_name\" content=\"\u017dilinsk\u00e9 kult\u00farne leto 2025\" \/>\n<meta property=\"article:publisher\" content=\"https:\/\/www.facebook.com\/Mesto-ilina-162541880519007\" \/>\n<meta property=\"article:published_time\" content=\"2024-08-15T07:12:26+00:00\" \/>\n<meta property=\"article:modified_time\" content=\"2024-08-15T07:13:20+00:00\" \/>\n<meta property=\"og:image\" content=\"https:\/\/kulturneleto.eu\/wp-content\/uploads\/2024\/08\/Kulturne_leto_2024_program_A2_august-scaled.jpg\" \/>\n\t<meta property=\"og:image:width\" content=\"1810\" \/>\n\t<meta property=\"og:image:height\" content=\"2560\" \/>\n\t<meta property=\"og:image:type\" content=\"image\/jpeg\" \/>\n<meta name=\"author\" content=\"libor\" \/>\n<meta name=\"twitter:card\" content=\"summary_large_image\" \/>\n<meta name=\"twitter:label1\" content=\"Written by\" \/>\n\t<meta name=\"twitter:data1\" content=\"libor\" \/>\n\t<meta name=\"twitter:label2\" content=\"Est. reading time\" \/>\n\t<meta name=\"twitter:data2\" content=\"3 minutes\" \/>\n<script type=\"application\/ld+json\" class=\"yoast-schema-graph\">{\"@context\":\"https:\/\/schema.org\",\"@graph\":[{\"@type\":\"Article\",\"@id\":\"https:\/\/kulturneleto.eu\/2024\/zilinske-kulturne-leto-pokracuje-pestrym-programom\/#article\",\"isPartOf\":{\"@id\":\"https:\/\/kulturneleto.eu\/2024\/zilinske-kulturne-leto-pokracuje-pestrym-programom\/\"},\"author\":{\"name\":\"libor\",\"@id\":\"https:\/\/kulturneleto.eu\/#\/schema\/person\/2fe312c0eb14ea83a3a0ecd0b5dda7e9\"},\"headline\":\"\u017dilinsk\u00e9 kult\u00farne leto pokra\u010duje pestr\u00fdm programom\",\"datePublished\":\"2024-08-15T07:12:26+00:00\",\"dateModified\":\"2024-08-15T07:13:20+00:00\",\"mainEntityOfPage\":{\"@id\":\"https:\/\/kulturneleto.eu\/2024\/zilinske-kulturne-leto-pokracuje-pestrym-programom\/\"},\"wordCount\":449,\"publisher\":{\"@id\":\"https:\/\/kulturneleto.eu\/#organization\"},\"image\":{\"@id\":\"https:\/\/kulturneleto.eu\/2024\/zilinske-kulturne-leto-pokracuje-pestrym-programom\/#primaryimage\"},\"thumbnailUrl\":\"https:\/\/kulturneleto.eu\/wp-content\/uploads\/2024\/08\/Kulturne_leto_2024_program_A2_august-scaled.jpg\",\"articleSection\":[\"rok 2024\"],\"inLanguage\":\"en-US\"},{\"@type\":\"WebPage\",\"@id\":\"https:\/\/kulturneleto.eu\/2024\/zilinske-kulturne-leto-pokracuje-pestrym-programom\/\",\"url\":\"https:\/\/kulturneleto.eu\/2024\/zilinske-kulturne-leto-pokracuje-pestrym-programom\/\",\"name\":\"\u017dilinsk\u00e9 kult\u00farne leto pokra\u010duje pestr\u00fdm programom - \u017dilinsk\u00e9 kult\u00farne leto 2025\",\"isPartOf\":{\"@id\":\"https:\/\/kulturneleto.eu\/#website\"},\"primaryImageOfPage\":{\"@id\":\"https:\/\/kulturneleto.eu\/2024\/zilinske-kulturne-leto-pokracuje-pestrym-programom\/#primaryimage\"},\"image\":{\"@id\":\"https:\/\/kulturneleto.eu\/2024\/zilinske-kulturne-leto-pokracuje-pestrym-programom\/#primaryimage\"},\"thumbnailUrl\":\"https:\/\/kulturneleto.eu\/wp-content\/uploads\/2024\/08\/Kulturne_leto_2024_program_A2_august-scaled.jpg\",\"datePublished\":\"2024-08-15T07:12:26+00:00\",\"dateModified\":\"2024-08-15T07:13:20+00:00\",\"breadcrumb\":{\"@id\":\"https:\/\/kulturneleto.eu\/2024\/zilinske-kulturne-leto-pokracuje-pestrym-programom\/#breadcrumb\"},\"inLanguage\":\"en-US\",\"potentialAction\":[{\"@type\":\"ReadAction\",\"target\":[\"https:\/\/kulturneleto.eu\/2024\/zilinske-kulturne-leto-pokracuje-pestrym-programom\/\"]}]},{\"@type\":\"ImageObject\",\"inLanguage\":\"en-US\",\"@id\":\"https:\/\/kulturneleto.eu\/2024\/zilinske-kulturne-leto-pokracuje-pestrym-programom\/#primaryimage\",\"url\":\"https:\/\/kulturneleto.eu\/wp-content\/uploads\/2024\/08\/Kulturne_leto_2024_program_A2_august-scaled.jpg\",\"contentUrl\":\"https:\/\/kulturneleto.eu\/wp-content\/uploads\/2024\/08\/Kulturne_leto_2024_program_A2_august-scaled.jpg\",\"width\":1810,\"height\":2560},{\"@type\":\"BreadcrumbList\",\"@id\":\"https:\/\/kulturneleto.eu\/2024\/zilinske-kulturne-leto-pokracuje-pestrym-programom\/#breadcrumb\",\"itemListElement\":[{\"@type\":\"ListItem\",\"position\":1,\"name\":\"Domovsk\u00e1 str\u00e1nka\",\"item\":\"https:\/\/kulturneleto.eu\/\"},{\"@type\":\"ListItem\",\"position\":2,\"name\":\"\u017dilinsk\u00e9 kult\u00farne leto pokra\u010duje pestr\u00fdm programom\"}]},{\"@type\":\"WebSite\",\"@id\":\"https:\/\/kulturneleto.eu\/#website\",\"url\":\"https:\/\/kulturneleto.eu\/\",\"name\":\"\u017dilinsk\u00e9 kult\u00farne leto 2025\",\"description\":\"j\u00fal, august, september\",\"publisher\":{\"@id\":\"https:\/\/kulturneleto.eu\/#organization\"},\"potentialAction\":[{\"@type\":\"SearchAction\",\"target\":{\"@type\":\"EntryPoint\",\"urlTemplate\":\"https:\/\/kulturneleto.eu\/?s={search_term_string}\"},\"query-input\":{\"@type\":\"PropertyValueSpecification\",\"valueRequired\":true,\"valueName\":\"search_term_string\"}}],\"inLanguage\":\"en-US\"},{\"@type\":\"Organization\",\"@id\":\"https:\/\/kulturneleto.eu\/#organization\",\"name\":\"Kult\u00farne leto\",\"url\":\"https:\/\/kulturneleto.eu\/\",\"logo\":{\"@type\":\"ImageObject\",\"inLanguage\":\"en-US\",\"@id\":\"https:\/\/kulturneleto.eu\/#\/schema\/logo\/image\/\",\"url\":\"https:\/\/kulturneleto.eu\/wp-content\/uploads\/2022\/06\/logo_zkl_2022_orange.png\",\"contentUrl\":\"https:\/\/kulturneleto.eu\/wp-content\/uploads\/2022\/06\/logo_zkl_2022_orange.png\",\"width\":330,\"height\":117,\"caption\":\"Kult\u00farne leto\"},\"image\":{\"@id\":\"https:\/\/kulturneleto.eu\/#\/schema\/logo\/image\/\"},\"sameAs\":[\"https:\/\/www.facebook.com\/Mesto-ilina-162541880519007\",\"https:\/\/www.youtube.com\/channel\/UCfY6Cc8yEeMgTWAUW5QaGAw\",\"https:\/\/www.instagram.com\/mestozilina\/?hl=sk\"]},{\"@type\":\"Person\",\"@id\":\"https:\/\/kulturneleto.eu\/#\/schema\/person\/2fe312c0eb14ea83a3a0ecd0b5dda7e9\",\"name\":\"libor\",\"image\":{\"@type\":\"ImageObject\",\"inLanguage\":\"en-US\",\"@id\":\"https:\/\/kulturneleto.eu\/#\/schema\/person\/image\/\",\"url\":\"https:\/\/secure.gravatar.com\/avatar\/8066e1c61587bfe9db34239dbd4afa416626d4edfb66d950b238bf6f018cee3b?s=96&d=mm&r=g\",\"contentUrl\":\"https:\/\/secure.gravatar.com\/avatar\/8066e1c61587bfe9db34239dbd4afa416626d4edfb66d950b238bf6f018cee3b?s=96&d=mm&r=g\",\"caption\":\"libor\"},\"sameAs\":[\"https:\/\/kulturneleto.eu\"]}]}<\/script>\n<!-- \/ Yoast SEO plugin. -->","yoast_head_json":{"title":"\u017dilinsk\u00e9 kult\u00farne leto pokra\u010duje pestr\u00fdm programom - \u017dilinsk\u00e9 kult\u00farne leto 2025","robots":{"index":"index","follow":"follow","max-snippet":"max-snippet:-1","max-image-preview":"max-image-preview:large","max-video-preview":"max-video-preview:-1"},"canonical":"https:\/\/kulturneleto.eu\/en\/2024\/zilinske-kulturne-leto-pokracuje-pestrym-programom\/","og_locale":"en_US","og_type":"article","og_title":"\u017dilinsk\u00e9 kult\u00farne leto pokra\u010duje pestr\u00fdm programom - \u017dilinsk\u00e9 kult\u00farne leto 2025","og_description":"Kult\u00farne leto v\u00a0\u017diline e\u0161te nekon\u010d\u00ed, posledn\u00e9 j\u00falov\u00e9 dni prines\u00fa do \u017diliny \u010fal\u0161ie kvalitn\u00e9 podujatia. Uplynul\u00fd v\u00edkend sa are\u00e1l Budat\u00ednskeho hradu niesol v\u00a0duchu rodinn\u00e9ho rozpr\u00e1vkov\u00e9ho festivalu Dra\u010die dni, na futbalovom ihrisku v\u00a0B\u00e1novej sa stretli a\u00a0zabavili B\u00e1nov\u010dania na podujat\u00ed Susedsk\u00fd de\u0148 a\u00a0Tr\u017enica o\u017eila letn\u00fdm swapom. &nbsp; Jedine\u010dn\u00fd program je pripraven\u00fd aj na tento piatok (26.\u00a07.), kedy sa [&hellip;]","og_url":"https:\/\/kulturneleto.eu\/en\/2024\/zilinske-kulturne-leto-pokracuje-pestrym-programom\/","og_site_name":"\u017dilinsk\u00e9 kult\u00farne leto 2025","article_publisher":"https:\/\/www.facebook.com\/Mesto-ilina-162541880519007","article_published_time":"2024-08-15T07:12:26+00:00","article_modified_time":"2024-08-15T07:13:20+00:00","og_image":[{"width":1810,"height":2560,"url":"https:\/\/kulturneleto.eu\/wp-content\/uploads\/2024\/08\/Kulturne_leto_2024_program_A2_august-scaled.jpg","type":"image\/jpeg"}],"author":"libor","twitter_card":"summary_large_image","twitter_misc":{"Written by":"libor","Est. reading time":"3 minutes"},"schema":{"@context":"https:\/\/schema.org","@graph":[{"@type":"Article","@id":"https:\/\/kulturneleto.eu\/2024\/zilinske-kulturne-leto-pokracuje-pestrym-programom\/#article","isPartOf":{"@id":"https:\/\/kulturneleto.eu\/2024\/zilinske-kulturne-leto-pokracuje-pestrym-programom\/"},"author":{"name":"libor","@id":"https:\/\/kulturneleto.eu\/#\/schema\/person\/2fe312c0eb14ea83a3a0ecd0b5dda7e9"},"headline":"\u017dilinsk\u00e9 kult\u00farne leto pokra\u010duje pestr\u00fdm programom","datePublished":"2024-08-15T07:12:26+00:00","dateModified":"2024-08-15T07:13:20+00:00","mainEntityOfPage":{"@id":"https:\/\/kulturneleto.eu\/2024\/zilinske-kulturne-leto-pokracuje-pestrym-programom\/"},"wordCount":449,"publisher":{"@id":"https:\/\/kulturneleto.eu\/#organization"},"image":{"@id":"https:\/\/kulturneleto.eu\/2024\/zilinske-kulturne-leto-pokracuje-pestrym-programom\/#primaryimage"},"thumbnailUrl":"https:\/\/kulturneleto.eu\/wp-content\/uploads\/2024\/08\/Kulturne_leto_2024_program_A2_august-scaled.jpg","articleSection":["rok 2024"],"inLanguage":"en-US"},{"@type":"WebPage","@id":"https:\/\/kulturneleto.eu\/2024\/zilinske-kulturne-leto-pokracuje-pestrym-programom\/","url":"https:\/\/kulturneleto.eu\/2024\/zilinske-kulturne-leto-pokracuje-pestrym-programom\/","name":"\u017dilinsk\u00e9 kult\u00farne leto pokra\u010duje pestr\u00fdm programom - \u017dilinsk\u00e9 kult\u00farne leto 2025","isPartOf":{"@id":"https:\/\/kulturneleto.eu\/#website"},"primaryImageOfPage":{"@id":"https:\/\/kulturneleto.eu\/2024\/zilinske-kulturne-leto-pokracuje-pestrym-programom\/#primaryimage"},"image":{"@id":"https:\/\/kulturneleto.eu\/2024\/zilinske-kulturne-leto-pokracuje-pestrym-programom\/#primaryimage"},"thumbnailUrl":"https:\/\/kulturneleto.eu\/wp-content\/uploads\/2024\/08\/Kulturne_leto_2024_program_A2_august-scaled.jpg","datePublished":"2024-08-15T07:12:26+00:00","dateModified":"2024-08-15T07:13:20+00:00","breadcrumb":{"@id":"https:\/\/kulturneleto.eu\/2024\/zilinske-kulturne-leto-pokracuje-pestrym-programom\/#breadcrumb"},"inLanguage":"en-US","potentialAction":[{"@type":"ReadAction","target":["https:\/\/kulturneleto.eu\/2024\/zilinske-kulturne-leto-pokracuje-pestrym-programom\/"]}]},{"@type":"ImageObject","inLanguage":"en-US","@id":"https:\/\/kulturneleto.eu\/2024\/zilinske-kulturne-leto-pokracuje-pestrym-programom\/#primaryimage","url":"https:\/\/kulturneleto.eu\/wp-content\/uploads\/2024\/08\/Kulturne_leto_2024_program_A2_august-scaled.jpg","contentUrl":"https:\/\/kulturneleto.eu\/wp-content\/uploads\/2024\/08\/Kulturne_leto_2024_program_A2_august-scaled.jpg","width":1810,"height":2560},{"@type":"BreadcrumbList","@id":"https:\/\/kulturneleto.eu\/2024\/zilinske-kulturne-leto-pokracuje-pestrym-programom\/#breadcrumb","itemListElement":[{"@type":"ListItem","position":1,"name":"Domovsk\u00e1 str\u00e1nka","item":"https:\/\/kulturneleto.eu\/"},{"@type":"ListItem","position":2,"name":"\u017dilinsk\u00e9 kult\u00farne leto pokra\u010duje pestr\u00fdm programom"}]},{"@type":"WebSite","@id":"https:\/\/kulturneleto.eu\/#website","url":"https:\/\/kulturneleto.eu\/","name":"\u017dilinsk\u00e9 kult\u00farne leto 2025","description":"j\u00fal, august, september","publisher":{"@id":"https:\/\/kulturneleto.eu\/#organization"},"potentialAction":[{"@type":"SearchAction","target":{"@type":"EntryPoint","urlTemplate":"https:\/\/kulturneleto.eu\/?s={search_term_string}"},"query-input":{"@type":"PropertyValueSpecification","valueRequired":true,"valueName":"search_term_string"}}],"inLanguage":"en-US"},{"@type":"Organization","@id":"https:\/\/kulturneleto.eu\/#organization","name":"Kult\u00farne leto","url":"https:\/\/kulturneleto.eu\/","logo":{"@type":"ImageObject","inLanguage":"en-US","@id":"https:\/\/kulturneleto.eu\/#\/schema\/logo\/image\/","url":"https:\/\/kulturneleto.eu\/wp-content\/uploads\/2022\/06\/logo_zkl_2022_orange.png","contentUrl":"https:\/\/kulturneleto.eu\/wp-content\/uploads\/2022\/06\/logo_zkl_2022_orange.png","width":330,"height":117,"caption":"Kult\u00farne leto"},"image":{"@id":"https:\/\/kulturneleto.eu\/#\/schema\/logo\/image\/"},"sameAs":["https:\/\/www.facebook.com\/Mesto-ilina-162541880519007","https:\/\/www.youtube.com\/channel\/UCfY6Cc8yEeMgTWAUW5QaGAw","https:\/\/www.instagram.com\/mestozilina\/?hl=sk"]},{"@type":"Person","@id":"https:\/\/kulturneleto.eu\/#\/schema\/person\/2fe312c0eb14ea83a3a0ecd0b5dda7e9","name":"libor","image":{"@type":"ImageObject","inLanguage":"en-US","@id":"https:\/\/kulturneleto.eu\/#\/schema\/person\/image\/","url":"https:\/\/secure.gravatar.com\/avatar\/8066e1c61587bfe9db34239dbd4afa416626d4edfb66d950b238bf6f018cee3b?s=96&d=mm&r=g","contentUrl":"https:\/\/secure.gravatar.com\/avatar\/8066e1c61587bfe9db34239dbd4afa416626d4edfb66d950b238bf6f018cee3b?s=96&d=mm&r=g","caption":"libor"},"sameAs":["https:\/\/kulturneleto.eu"]}]}},"_links":{"self":[{"href":"https:\/\/kulturneleto.eu\/en\/wp-json\/wp\/v2\/posts\/9865","targetHints":{"allow":["GET"]}}],"collection":[{"href":"https:\/\/kulturneleto.eu\/en\/wp-json\/wp\/v2\/posts"}],"about":[{"href":"https:\/\/kulturneleto.eu\/en\/wp-json\/wp\/v2\/types\/post"}],"author":[{"embeddable":true,"href":"https:\/\/kulturneleto.eu\/en\/wp-json\/wp\/v2\/users\/1"}],"replies":[{"embeddable":true,"href":"https:\/\/kulturneleto.eu\/en\/wp-json\/wp\/v2\/comments?post=9865"}],"version-history":[{"count":2,"href":"https:\/\/kulturneleto.eu\/en\/wp-json\/wp\/v2\/posts\/9865\/revisions"}],"predecessor-version":[{"id":9868,"href":"https:\/\/kulturneleto.eu\/en\/wp-json\/wp\/v2\/posts\/9865\/revisions\/9868"}],"wp:featuredmedia":[{"embeddable":true,"href":"https:\/\/kulturneleto.eu\/en\/wp-json\/wp\/v2\/media\/9866"}],"wp:attachment":[{"href":"https:\/\/kulturneleto.eu\/en\/wp-json\/wp\/v2\/media?parent=9865"}],"wp:term":[{"taxonomy":"category","embeddable":true,"href":"https:\/\/kulturneleto.eu\/en\/wp-json\/wp\/v2\/categories?post=9865"},{"taxonomy":"post_tag","embeddable":true,"href":"https:\/\/kulturneleto.eu\/en\/wp-json\/wp\/v2\/tags?post=9865"}],"curies":[{"name":"wp","href":"https:\/\/api.w.org\/{rel}","templated":true}]}}